{"id":500532,"date":"2017-09-17T15:37:34","date_gmt":"2017-09-17T20:37:34","guid":{"rendered":"https:\/\/www.futboltotal.com.mx\/?p=500532"},"modified":"2017-09-17T15:39:21","modified_gmt":"2017-09-17T20:39:21","slug":"201709jair-pereira-se-vuelve-a-encarar-companeros-en-chivas","status":"publish","type":"post","link":"http:\/\/desarrollo.grupomedios.com\/futbol\/futbol-mexicano\/201709jair-pereira-se-vuelve-a-encarar-companeros-en-chivas\/2017\/09","title":{"rendered":"Jair Pereira se vuelve a encarar con compa\u00f1eros en Chivas"},"content":{"rendered":"<p>Luego del empate que tuvo Chivas ante Pumas en la cancha del estadio del Reba\u00f1o, los jugadores dirigidos por Mat\u00edas Almeyda no salieron contentos con el resultado.<\/p>\n<p>Uno de ellos fue Jair Pereira, quien volvi\u00f3 a encararse con sus compa\u00f1eros al final del partido en donde los universitarios rescataron el empate.<\/p>\n<p>Fue la cuenta de Twitter Chivas Pasi\u00f3n quien dio a conocer las im\u00e1genes donde se ve a Pereira reclamarle algo a Edwin Hern\u00e1ndez para despu\u00e9s ser tranquilizados por sus compa\u00f1eros.<\/p>\n<p style=\"text-align: center;\"><span style=\"color: #3366ff;\"><a style=\"color: #3366ff;\" href=\"https:\/\/www.futboltotal.com.mx\/2017\/09\/jugadores-santos-insultaron-a-fans-cruz-azul\/\">VER M\u00c1S: Jugadores de Santos insultan a fans de Cruz Azul<\/a><\/span><\/p>\n<blockquote class=\"twitter-tweet\" data-width=\"500\">\n<p lang=\"es\" dir=\"ltr\">Al final del partido hubo serias discusiones entre Pereira y el Aris en pleno campo de juego. Por suerte no pas\u00f3 a mayores. <a href=\"https:\/\/t.co\/q9BFfA1QQQ\">pic.twitter.com\/q9BFfA1QQQ<\/a><\/p>\n<p>&mdash; Chivas Pasi\u00f3n (@ChivasPasioncom) <a href=\"https:\/\/twitter.com\/ChivasPasioncom\/status\/909275236310421504\">September 17, 2017<\/a><\/p><\/blockquote>\n<p><script async src=\"\/\/platform.twitter.com\/widgets.js\" charset=\"utf-8\"><\/script><\/p>\n","protected":false},"excerpt":{"rendered":"<p>El jugador de Chivas sali\u00f3 molesto del partido.<\/p>\n","protected":false},"author":20,"featured_media":498885,"comment_status":"closed","ping_status":"closed","sticky":false,"template":"","format":"standard","meta":[],"categories":[2198,3845],"tags":[70,955,64],"_links":{"self":[{"href":"http:\/\/desarrollo.grupomedios.com\/futbol\/wp-json\/wp\/v2\/posts\/500532"}],"collection":[{"href":"http:\/\/desarrollo.grupomedios.com\/futbol\/wp-json\/wp\/v2\/posts"}],"about":[{"href":"http:\/\/desarrollo.grupomedios.com\/futbol\/wp-json\/wp\/v2\/types\/post"}],"author":[{"embeddable":true,"href":"http:\/\/desarrollo.grupomedios.com\/futbol\/wp-json\/wp\/v2\/users\/20"}],"replies":[{"embeddable":true,"href":"http:\/\/desarrollo.grupomedios.com\/futbol\/wp-json\/wp\/v2\/comments?post=500532"}],"version-history":[{"count":1,"href":"http:\/\/desarrollo.grupomedios.com\/futbol\/wp-json\/wp\/v2\/posts\/500532\/revisions"}],"predecessor-version":[{"id":500533,"href":"http:\/\/desarrollo.grupomedios.com\/futbol\/wp-json\/wp\/v2\/posts\/500532\/revisions\/500533"}],"wp:featuredmedia":[{"embeddable":true,"href":"http:\/\/desarrollo.grupomedios.com\/futbol\/wp-json\/wp\/v2\/media\/498885"}],"wp:attachment":[{"href":"http:\/\/desarrollo.grupomedios.com\/futbol\/wp-json\/wp\/v2\/media?parent=500532"}],"wp:term":[{"taxonomy":"category","embeddable":true,"href":"http:\/\/desarrollo.grupomedios.com\/futbol\/wp-json\/wp\/v2\/categories?post=500532"},{"taxonomy":"post_tag","embeddable":true,"href":"http:\/\/desarrollo.grupomedios.com\/futbol\/wp-json\/wp\/v2\/tags?post=500532"}],"curies":[{"name":"wp","href":"https:\/\/api.w.org\/{rel}","templated":true}]}}