{"id":500537,"date":"2017-09-17T16:16:07","date_gmt":"2017-09-17T21:16:07","guid":{"rendered":"https:\/\/www.futboltotal.com.mx\/?p=500537"},"modified":"2017-09-17T16:16:07","modified_gmt":"2017-09-17T21:16:07","slug":"real-madrid-corrige-rumbo-derrota-a-la-real-vela","status":"publish","type":"post","link":"http:\/\/desarrollo.grupomedios.com\/futbol\/futbol-internacional\/real-madrid-corrige-rumbo-derrota-a-la-real-vela\/2017\/09","title":{"rendered":"Real Madrid corrige el rumbo y derrota a la Real de Vela"},"content":{"rendered":"<p>El <strong>Real Madrid<\/strong> corrigi\u00f3 el err\u00e1tico rumbo que hab\u00eda tomado en el inicio de la Liga con un triunfo incontestable ante la<strong> Real Sociedad<\/strong> (1-3) en Anoeta, donde Borja Mayoral firm\u00f3 su primer gol en partido oficial con el equipo blanco y Gareth Bale volvi\u00f3 a dar se\u00f1ales de vida con el tanto que cerr\u00f3 el encuentro.<\/p>\n<p>https:\/\/twitter.com\/realmadriden\/status\/909517596646608897<\/p>\n<p>Poco m\u00e1s dur\u00f3 el empate inicial porque los de Zinedine Zidane estaban volcados sobre la porter\u00eda de una temerosa <strong>Real<\/strong>, que no sal\u00eda de su campo, y en el minuto 18 Sergio Ramos hizo de boya en el \u00e1rea chica, atrajo a los centrales locales, intent\u00f3 hacer una chilena en una posici\u00f3n muy forzada y Borja Mayoral, que lleg\u00f3 desde atr\u00e1s, envi\u00f3 el bal\u00f3n al fondo de la red.<\/p>\n<p>Muchos aficionados se tem\u00edan lo peor, pero la <strong>Real<\/strong> de este inicio de temporada ha demostrado una fortaleza desconocida otros a\u00f1os y, en menos de diez minutos, hab\u00eda empatado el encuentro con un gol de bandera del joven Kevin Rodrigues, haciendo bueno un centro de su compa\u00f1ero canterano Odriozola, una acci\u00f3n en la que Keylor Navas no estuvo muy afortunado .<\/p>\n<p style=\"text-align: center;\"><span style=\"color: #3366ff;\"><a style=\"color: #3366ff;\" href=\"https:\/\/www.futboltotal.com.mx\/2017\/09\/201709jair-pereira-se-vuelve-a-encarar-companeros-en-chivas\/\">VER M\u00c1S: Jair Pereira se vuelve a encarar con compa\u00f1eros en Chivas<\/a><\/span><\/p>\n<p>Kevin Rodrigues se iba a convertir en infortunado protagonista de un choque que pas\u00f3 en un instante de la posibilidad de ventaja local al 1-2 madridista, cuando el lateral blanquiazul intercept\u00f3 un tiro de Mayoral, desvi\u00f3 su trayectoria y bati\u00f3 a un sorprendido Rulli.<\/p>\n<p>El Real Madrid mantuvo el dominio tambi\u00e9n en la segunda parte, la Real lo intentaba pero no llegaba con claridad y el marcador estuvo otra vez cerca de moverse en un doble remate de Mayoral, desbaratado por Rulli y por la red exterior de la porter\u00eda local.<\/p>\n<p>No perdon\u00f3 el conjunto madrile\u00f1o en la siguiente oportunidad, la que le permiti\u00f3 resolver el choque en el minuto 60 en un bal\u00f3n colocado perfectamente por Isco a Bale, \u00e9ste gan\u00f3 en la carrera a Kevin (alcanz\u00f3 una velocidad de 35 km. hora, seg\u00fan Movistar TV) y super\u00f3 con habilidad la salida de Rulli para seguir abonado a un estadio que se le da de maravilla.<\/p>\n<p>La <strong>Real<\/strong> tras encajar este tanto no se vio con opciones de buscar al menos el empate, la entrada de <strong>Carlos Vela<\/strong> fue insignificante y el <strong>Real Madrid<\/strong> vivi\u00f3 un pl\u00e1cido fin de partido pensando en pr\u00f3ximos compromisos con buenas sensaciones.<\/p>\n","protected":false},"excerpt":{"rendered":"<p>Los Merengues enderezaron el rumbo ante la Real Sociedad.<\/p>\n","protected":false},"author":144,"featured_media":500538,"comment_status":"closed","ping_status":"closed","sticky":false,"template":"","format":"standard","meta":[],"categories":[3839,3844],"tags":[6114,5988,102],"_links":{"self":[{"href":"http:\/\/desarrollo.grupomedios.com\/futbol\/wp-json\/wp\/v2\/posts\/500537"}],"collection":[{"href":"http:\/\/desarrollo.grupomedios.com\/futbol\/wp-json\/wp\/v2\/posts"}],"about":[{"href":"http:\/\/desarrollo.grupomedios.com\/futbol\/wp-json\/wp\/v2\/types\/post"}],"author":[{"embeddable":true,"href":"http:\/\/desarrollo.grupomedios.com\/futbol\/wp-json\/wp\/v2\/users\/144"}],"replies":[{"embeddable":true,"href":"http:\/\/desarrollo.grupomedios.com\/futbol\/wp-json\/wp\/v2\/comments?post=500537"}],"version-history":[{"count":1,"href":"http:\/\/desarrollo.grupomedios.com\/futbol\/wp-json\/wp\/v2\/posts\/500537\/revisions"}],"predecessor-version":[{"id":500539,"href":"http:\/\/desarrollo.grupomedios.com\/futbol\/wp-json\/wp\/v2\/posts\/500537\/revisions\/500539"}],"wp:featuredmedia":[{"embeddable":true,"href":"http:\/\/desarrollo.grupomedios.com\/futbol\/wp-json\/wp\/v2\/media\/500538"}],"wp:attachment":[{"href":"http:\/\/desarrollo.grupomedios.com\/futbol\/wp-json\/wp\/v2\/media?parent=500537"}],"wp:term":[{"taxonomy":"category","embeddable":true,"href":"http:\/\/desarrollo.grupomedios.com\/futbol\/wp-json\/wp\/v2\/categories?post=500537"},{"taxonomy":"post_tag","embeddable":true,"href":"http:\/\/desarrollo.grupomedios.com\/futbol\/wp-json\/wp\/v2\/tags?post=500537"}],"curies":[{"name":"wp","href":"https:\/\/api.w.org\/{rel}","templated":true}]}}