{"id":500540,"date":"2017-09-17T16:32:15","date_gmt":"2017-09-17T21:32:15","guid":{"rendered":"https:\/\/www.futboltotal.com.mx\/?p=500540"},"modified":"2017-09-17T16:32:15","modified_gmt":"2017-09-17T21:32:15","slug":"asi-fue-la-discusion-neymar-cavani-en-triunfo-del-psg","status":"publish","type":"post","link":"http:\/\/desarrollo.grupomedios.com\/futbol\/futbol-internacional\/asi-fue-la-discusion-neymar-cavani-en-triunfo-del-psg\/2017\/09","title":{"rendered":"As\u00ed fue la discusi\u00f3n de Neymar y Cavani en el triunfo del PSG"},"content":{"rendered":"<p>No todo es color de rosa en el <strong>PSG<\/strong> y ya apareci\u00f3 el primer problema en el poderoso tridente, pues Edinson <strong>Cavani y Neymar<\/strong> se vieron involucrados en una pol\u00e9mica en el partido ante el olympique de Lyon.<\/p>\n<p>Todo sucedi\u00f3 cuando el \u00e1rbitro pit\u00f3 un penal a favor de los parisinos y el cobrador oficial, <strong>Cavani<\/strong>, tom\u00f3 el bal\u00f3n para ejecutar la pena m\u00e1xima, aunque <strong>Neymar<\/strong> se acerc\u00f3 a pedirle la oportunidad y el uruguayo lo neg\u00f3, causando la molestia del brasile\u00f1o.<\/p>\n<p style=\"text-align: center;\"><span style=\"color: #3366ff;\"><a style=\"color: #3366ff;\" href=\"https:\/\/www.futboltotal.com.mx\/2017\/09\/jugadores-santos-insultaron-a-fans-cruz-azul\/\">VER M\u00c1S: Jugadores de Santos insultan a fans de Cruz Azul<\/a><\/span><\/p>\n<p>https:\/\/twitter.com\/Fut_momento\/status\/909523365664235520<\/p>\n<p>Incluso el que se vio envuelto en la discusi\u00f3n fue Dani Alves, quien en un principio tom\u00f3 el bal\u00f3n y los escondi\u00f3 de Cavani para d\u00e1rselo a su compatriota <strong>Neymar.<\/strong><\/p>\n<blockquote class=\"twitter-tweet\" data-width=\"500\">\n<p lang=\"es\" dir=\"ltr\">Dani Alves no le deja el bal\u00f3n a Cavani para d\u00e1rselo a Neymar. Flipo. Qu\u00e9 &#39;compa\u00f1erismo&#39;.<a href=\"https:\/\/t.co\/M5cLQOV0k7\">pic.twitter.com\/M5cLQOV0k7<\/a><\/p>\n<p>&mdash; Juan Carlos \u26bd\ufe0f (@Juan7CarlosRMA) <a href=\"https:\/\/twitter.com\/Juan7CarlosRMA\/status\/909527473167192065\">September 17, 2017<\/a><\/p><\/blockquote>\n<p><script async src=\"\/\/platform.twitter.com\/widgets.js\" charset=\"utf-8\"><\/script><\/p>\n","protected":false},"excerpt":{"rendered":"<p>Los jugadores discutieron por un penal.<\/p>\n","protected":false},"author":20,"featured_media":500541,"comment_status":"closed","ping_status":"closed","sticky":false,"template":"","format":"standard","meta":[],"categories":[3839],"tags":[2449,6001,114],"_links":{"self":[{"href":"http:\/\/desarrollo.grupomedios.com\/futbol\/wp-json\/wp\/v2\/posts\/500540"}],"collection":[{"href":"http:\/\/desarrollo.grupomedios.com\/futbol\/wp-json\/wp\/v2\/posts"}],"about":[{"href":"http:\/\/desarrollo.grupomedios.com\/futbol\/wp-json\/wp\/v2\/types\/post"}],"author":[{"embeddable":true,"href":"http:\/\/desarrollo.grupomedios.com\/futbol\/wp-json\/wp\/v2\/users\/20"}],"replies":[{"embeddable":true,"href":"http:\/\/desarrollo.grupomedios.com\/futbol\/wp-json\/wp\/v2\/comments?post=500540"}],"version-history":[{"count":1,"href":"http:\/\/desarrollo.grupomedios.com\/futbol\/wp-json\/wp\/v2\/posts\/500540\/revisions"}],"predecessor-version":[{"id":500542,"href":"http:\/\/desarrollo.grupomedios.com\/futbol\/wp-json\/wp\/v2\/posts\/500540\/revisions\/500542"}],"wp:featuredmedia":[{"embeddable":true,"href":"http:\/\/desarrollo.grupomedios.com\/futbol\/wp-json\/wp\/v2\/media\/500541"}],"wp:attachment":[{"href":"http:\/\/desarrollo.grupomedios.com\/futbol\/wp-json\/wp\/v2\/media?parent=500540"}],"wp:term":[{"taxonomy":"category","embeddable":true,"href":"http:\/\/desarrollo.grupomedios.com\/futbol\/wp-json\/wp\/v2\/categories?post=500540"},{"taxonomy":"post_tag","embeddable":true,"href":"http:\/\/desarrollo.grupomedios.com\/futbol\/wp-json\/wp\/v2\/tags?post=500540"}],"curies":[{"name":"wp","href":"https:\/\/api.w.org\/{rel}","templated":true}]}}