{"id":500559,"date":"2017-09-17T18:20:31","date_gmt":"2017-09-17T23:20:31","guid":{"rendered":"https:\/\/www.futboltotal.com.mx\/?p=500559"},"modified":"2017-09-17T18:26:57","modified_gmt":"2017-09-17T23:26:57","slug":"camarografo-herido-avalancha-en-en-real-sociedad-real-madrid","status":"publish","type":"post","link":"http:\/\/desarrollo.grupomedios.com\/futbol\/futbol-internacional\/camarografo-herido-avalancha-en-en-real-sociedad-real-madrid\/2017\/09","title":{"rendered":"Camar\u00f3grafo es herido por avalancha en en Real Sociedad-Real Madrid"},"content":{"rendered":"<p>La celebraci\u00f3n del gol de Kevin Rodrigues de la <span style=\"color: #3366ff;\"><a style=\"color: #3366ff;\" href=\"https:\/\/www.futboltotal.com.mx\/2017\/09\/real-madrid-corrige-rumbo-derrota-a-la-real-vela\/\" target=\"_blank\" rel=\"noopener noreferrer\">Real Sociedad contra el Real Madrid en LaLiga<\/a><\/span>, provoc\u00f3 la ca\u00edda de la valla publicitaria que estaba instalada en una de las gradas de Anoeta.<\/p>\n<p>El camar\u00f3grafo se encontraba detr\u00e1s de la porter\u00eda del portero Ger\u00f3nimo Rulli y esa parte tuvo que ser evacuado en camilla luego de que le inmovilizara la pierna.<\/p>\n<p>El c\u00e1mara se march\u00f3 haciendo el gesto de OK a la grada para mostrar que su estado, a pesar de la lesi\u00f3n que pueda sufrir en la pierna, era de tranquilidad.<\/p>\n<p style=\"text-align: center;\"><span style=\"color: #3366ff;\"><a style=\"color: #3366ff;\" href=\"https:\/\/www.futboltotal.com.mx\/2017\/09\/asi-fue-la-discusion-neymar-cavani-en-triunfo-del-psg\/\">VER M\u00c1S: As\u00ed fue la discusi\u00f3n de Neymar y Cavani en el triunfo del PSG<\/a><\/span><\/p>\n<blockquote class=\"twitter-tweet\" data-width=\"500\">\n<p lang=\"es\" dir=\"ltr\">La incomprensible grada supletoria pegada a la publi en Anoeta, ha provocado que nuestro compa\u00f1ero Manel resultase herido. <a href=\"https:\/\/twitter.com\/hashtag\/Chapuza?src=hash\">#Chapuza<\/a> <a href=\"https:\/\/t.co\/7MNsvBtVoc\">pic.twitter.com\/7MNsvBtVoc<\/a><\/p>\n<p>&mdash; Alfonso  Troyano (@TroyanoCamara) <a href=\"https:\/\/twitter.com\/TroyanoCamara\/status\/909551449306206209\">September 17, 2017<\/a><\/p><\/blockquote>\n<p><script async src=\"\/\/platform.twitter.com\/widgets.js\" charset=\"utf-8\"><\/script><\/p>\n","protected":false},"excerpt":{"rendered":"<p>El camar\u00f3grafo sali\u00f3 en camilla del estadio.<\/p>\n","protected":false},"author":20,"featured_media":500561,"comment_status":"closed","ping_status":"closed","sticky":false,"template":"","format":"standard","meta":[],"categories":[3839],"tags":[6214,6114,5988,102],"_links":{"self":[{"href":"http:\/\/desarrollo.grupomedios.com\/futbol\/wp-json\/wp\/v2\/posts\/500559"}],"collection":[{"href":"http:\/\/desarrollo.grupomedios.com\/futbol\/wp-json\/wp\/v2\/posts"}],"about":[{"href":"http:\/\/desarrollo.grupomedios.com\/futbol\/wp-json\/wp\/v2\/types\/post"}],"author":[{"embeddable":true,"href":"http:\/\/desarrollo.grupomedios.com\/futbol\/wp-json\/wp\/v2\/users\/20"}],"replies":[{"embeddable":true,"href":"http:\/\/desarrollo.grupomedios.com\/futbol\/wp-json\/wp\/v2\/comments?post=500559"}],"version-history":[{"count":1,"href":"http:\/\/desarrollo.grupomedios.com\/futbol\/wp-json\/wp\/v2\/posts\/500559\/revisions"}],"predecessor-version":[{"id":500560,"href":"http:\/\/desarrollo.grupomedios.com\/futbol\/wp-json\/wp\/v2\/posts\/500559\/revisions\/500560"}],"wp:featuredmedia":[{"embeddable":true,"href":"http:\/\/desarrollo.grupomedios.com\/futbol\/wp-json\/wp\/v2\/media\/500561"}],"wp:attachment":[{"href":"http:\/\/desarrollo.grupomedios.com\/futbol\/wp-json\/wp\/v2\/media?parent=500559"}],"wp:term":[{"taxonomy":"category","embeddable":true,"href":"http:\/\/desarrollo.grupomedios.com\/futbol\/wp-json\/wp\/v2\/categories?post=500559"},{"taxonomy":"post_tag","embeddable":true,"href":"http:\/\/desarrollo.grupomedios.com\/futbol\/wp-json\/wp\/v2\/tags?post=500559"}],"curies":[{"name":"wp","href":"https:\/\/api.w.org\/{rel}","templated":true}]}}