{"id":500565,"date":"2017-09-17T19:33:21","date_gmt":"2017-09-18T00:33:21","guid":{"rendered":"https:\/\/www.futboltotal.com.mx\/?p=500565"},"modified":"2017-09-17T19:33:21","modified_gmt":"2017-09-18T00:33:21","slug":"asi-fue-la-graciosa-caida-villalpando-en-veracruz-lobos","status":"publish","type":"post","link":"http:\/\/desarrollo.grupomedios.com\/futbol\/futbol-mexicano\/asi-fue-la-graciosa-caida-villalpando-en-veracruz-lobos\/2017\/09","title":{"rendered":"As\u00ed fue la graciosa ca\u00edda de Villalpando en el Veracruz-Lobos"},"content":{"rendered":"<p>Luego de haberse retirado por cuatro meses, el portero <strong>Jorge Villalpando<\/strong> regres\u00f3 al futbol profesional en el partido donde su equipo, los<span style=\"color: #3366ff;\"><a style=\"color: #3366ff;\" href=\"https:\/\/www.futboltotal.com.mx\/2017\/09\/veracruz-vs-lobos-buap-apertura-2017-liga-mx-minuto-a-minuto\/\" target=\"_blank\" rel=\"noopener noreferrer\"> Lobos BUAP, visitaron al Veracruz<\/a><\/span>.<\/p>\n<p>El regreso de Villalpando se dio con una fenomenal atajada luego de un disparo de Luna.<\/p>\n<p style=\"text-align: center;\"><span style=\"color: #3366ff;\"><a style=\"color: #3366ff;\" href=\"https:\/\/www.futboltotal.com.mx\/2017\/09\/201709ochoa-sigue-como-figura-y-el-standard-rescata-el-empate\/\">VER M\u00c1S: Ochoa sigue como figura y el Standard rescata el empate<\/a><\/span><\/p>\n<blockquote class=\"twitter-tweet\" data-data-dnt=\"true\">\n<p lang=\"es\" dir=\"ltr\"><a href=\"https:\/\/twitter.com\/hashtag\/CompartimosLaEmoci%C3%B3n?src=hash&amp;ref_src=twsrc%5Etfw\">#CompartimosLaEmoci\u00f3n<\/a><a href=\"https:\/\/twitter.com\/ClubTiburones?ref_src=twsrc%5Etfw\">@ClubTiburones<\/a> 0-0 <a href=\"https:\/\/twitter.com\/LobosBuapMX?ref_src=twsrc%5Etfw\">@LobosBuapMX<\/a><br \/>\u00a1Gran disparo de Luna y mejor la reacci\u00f3n de Villalpando al 15&#39;! \ud83e\udd88\ud83d\udc3a <a href=\"https:\/\/t.co\/jDdfKS53Fh\">pic.twitter.com\/jDdfKS53Fh<\/a><\/p>\n<p>&mdash; Azteca Stats (@AztecaStats) <a href=\"https:\/\/twitter.com\/AztecaStats\/status\/909569636693286913?ref_src=twsrc%5Etfw\">September 18, 2017<\/a><\/p><\/blockquote>\n<p><script async src=\"https:\/\/platform.twitter.com\/widgets.js\" charset=\"utf-8\"><\/script><\/p>\n<p>Pero despu\u00e9s haber realizado una gran atajada, <strong>Villalpando<\/strong> cometi\u00f3 un tremendo oso que provoc\u00f3 las burlas en el estadio.<\/p>\n<p>El portero de <strong>Lobos<\/strong> sali\u00f3 de su \u00e1rea para recojer un bal\u00f3n y termin\u00f3 resbalando.<\/p>\n<p><iframe loading=\"lazy\" src=\"https:\/\/www.youtube.com\/embed\/viui5BuHzvU?feature=oembed\" frameborder=\"0\" allowfullscreen><\/iframe><\/p>\n","protected":false},"excerpt":{"rendered":"<p>El arquero regres\u00f3 luego de 4 meses de haberse retirado.<\/p>\n","protected":false},"author":20,"featured_media":500566,"comment_status":"closed","ping_status":"closed","sticky":false,"template":"","format":"standard","meta":[],"categories":[2198,3845],"tags":[64,431,6049],"_links":{"self":[{"href":"http:\/\/desarrollo.grupomedios.com\/futbol\/wp-json\/wp\/v2\/posts\/500565"}],"collection":[{"href":"http:\/\/desarrollo.grupomedios.com\/futbol\/wp-json\/wp\/v2\/posts"}],"about":[{"href":"http:\/\/desarrollo.grupomedios.com\/futbol\/wp-json\/wp\/v2\/types\/post"}],"author":[{"embeddable":true,"href":"http:\/\/desarrollo.grupomedios.com\/futbol\/wp-json\/wp\/v2\/users\/20"}],"replies":[{"embeddable":true,"href":"http:\/\/desarrollo.grupomedios.com\/futbol\/wp-json\/wp\/v2\/comments?post=500565"}],"version-history":[{"count":1,"href":"http:\/\/desarrollo.grupomedios.com\/futbol\/wp-json\/wp\/v2\/posts\/500565\/revisions"}],"predecessor-version":[{"id":500567,"href":"http:\/\/desarrollo.grupomedios.com\/futbol\/wp-json\/wp\/v2\/posts\/500565\/revisions\/500567"}],"wp:featuredmedia":[{"embeddable":true,"href":"http:\/\/desarrollo.grupomedios.com\/futbol\/wp-json\/wp\/v2\/media\/500566"}],"wp:attachment":[{"href":"http:\/\/desarrollo.grupomedios.com\/futbol\/wp-json\/wp\/v2\/media?parent=500565"}],"wp:term":[{"taxonomy":"category","embeddable":true,"href":"http:\/\/desarrollo.grupomedios.com\/futbol\/wp-json\/wp\/v2\/categories?post=500565"},{"taxonomy":"post_tag","embeddable":true,"href":"http:\/\/desarrollo.grupomedios.com\/futbol\/wp-json\/wp\/v2\/tags?post=500565"}],"curies":[{"name":"wp","href":"https:\/\/api.w.org\/{rel}","templated":true}]}}