{"id":500603,"date":"2017-09-18T08:56:10","date_gmt":"2017-09-18T13:56:10","guid":{"rendered":"https:\/\/www.futboltotal.com.mx\/?p=500603"},"modified":"2017-09-18T08:56:10","modified_gmt":"2017-09-18T13:56:10","slug":"brasileno-alemao-cruza-rodillas-campo-tras-recuperarse-lesion","status":"publish","type":"post","link":"http:\/\/desarrollo.grupomedios.com\/futbol\/futbol-internacional\/brasileno-alemao-cruza-rodillas-campo-tras-recuperarse-lesion\/2017\/09","title":{"rendered":"Brasile\u00f1o Alemao cruza de rodillas campo tras recuperarse de lesi\u00f3n"},"content":{"rendered":"<p>Las historias humanas que nos regala el futbol son constantes, y una de las \u00faltimas proviene del futbol brasile\u00f1o. El defensor <strong>Alemao<\/strong> (no confundir con el delantero que jug\u00f3 en <strong>Cruz Azul<\/strong>) del <strong>Internacional de Porto Alegre<\/strong> cruz\u00f3 el campo de juego de rodillas\u00a0cumpliendo una promesa luego de recuperarse de una grave lesi\u00f3n muscular.<\/p>\n<p><strong>Jucimar Jos\u00e9 Teixeira<\/strong>, mejor conocido como <strong>Alemao<\/strong>, sali\u00f3 avante de una lesi\u00f3n que lo margin\u00f3 de las canchas por seis meses y se hab\u00eda prometido que cuando reapareciera con el Internacional recorrer\u00eda de rodillas todo el campo como agradecimiento a Dios, un acto de fe.<\/p>\n<p style=\"text-align: center;\"><a href=\"https:\/\/www.futboltotal.com.mx\/2017\/09\/resultados-veracruz-0-1-lobos-buap-apertura-2017-cronica\" target=\"_blank\" rel=\"noopener noreferrer\"><span style=\"color: #333399;\">VER M\u00c1S: Lobos BUAP se rob\u00f3 el triunfo en Veracruz<\/span><\/a><\/p>\n<p>El d\u00eda lleg\u00f3 y el <strong>estadio Beira-Rio<\/strong>, casa del <strong>Inter<\/strong>, presenci\u00f3 la imagen de un futbolista conmovido mientras avanzaba de rodillas por el c\u00e9sped despu\u00e9s del triunfo de su equipo ante el\u00a0<strong>Figueirense<\/strong>.<\/p>\n<p>Alemao entr\u00f3 al partido en la segunda mitad, y al t\u00e9rmino del juego decidi\u00f3 cumplir esta promesa que se hab\u00eda hecho a s\u00ed mismo y que fue aplaudida por todos los aficionados presentes y por sus propios compa\u00f1eros.<\/p>\n<p>&nbsp;<\/p>\n<blockquote class=\"twitter-video\" data-lang=\"es\">\n<p dir=\"ltr\" lang=\"es\">\u00a1La fe mueve monta\u00f1as!\u26bd\ufe0f&#x1f44f;&#x1f3fd;<br \/>\nAlem\u00e3o del Sport Club Internacional cruz\u00f3 la cancha de rodillas agradeciendo tras estar fuera 6 meses por lesi\u00f3n. <a href=\"https:\/\/t.co\/gqRFbo1kRp\">pic.twitter.com\/gqRFbo1kRp<\/a><\/p>\n<p>\u2014 Pedro Antonio Flores (@hagala_) <a href=\"https:\/\/twitter.com\/hagala_\/status\/909752804960493569\">18 de septiembre de 2017<\/a><\/p><\/blockquote>\n<p><script async src=\"\/\/platform.twitter.com\/widgets.js\" charset=\"utf-8\"><\/script><\/p>\n","protected":false},"excerpt":{"rendered":"<p>La emotiva imagen conmovi\u00f3 a todos los presentes en el estadio.<\/p>\n","protected":false},"author":20,"featured_media":500604,"comment_status":"closed","ping_status":"closed","sticky":false,"template":"","format":"standard","meta":[],"categories":[5419,3839],"tags":[5433,6009,4171],"_links":{"self":[{"href":"http:\/\/desarrollo.grupomedios.com\/futbol\/wp-json\/wp\/v2\/posts\/500603"}],"collection":[{"href":"http:\/\/desarrollo.grupomedios.com\/futbol\/wp-json\/wp\/v2\/posts"}],"about":[{"href":"http:\/\/desarrollo.grupomedios.com\/futbol\/wp-json\/wp\/v2\/types\/post"}],"author":[{"embeddable":true,"href":"http:\/\/desarrollo.grupomedios.com\/futbol\/wp-json\/wp\/v2\/users\/20"}],"replies":[{"embeddable":true,"href":"http:\/\/desarrollo.grupomedios.com\/futbol\/wp-json\/wp\/v2\/comments?post=500603"}],"version-history":[{"count":1,"href":"http:\/\/desarrollo.grupomedios.com\/futbol\/wp-json\/wp\/v2\/posts\/500603\/revisions"}],"predecessor-version":[{"id":500605,"href":"http:\/\/desarrollo.grupomedios.com\/futbol\/wp-json\/wp\/v2\/posts\/500603\/revisions\/500605"}],"wp:featuredmedia":[{"embeddable":true,"href":"http:\/\/desarrollo.grupomedios.com\/futbol\/wp-json\/wp\/v2\/media\/500604"}],"wp:attachment":[{"href":"http:\/\/desarrollo.grupomedios.com\/futbol\/wp-json\/wp\/v2\/media?parent=500603"}],"wp:term":[{"taxonomy":"category","embeddable":true,"href":"http:\/\/desarrollo.grupomedios.com\/futbol\/wp-json\/wp\/v2\/categories?post=500603"},{"taxonomy":"post_tag","embeddable":true,"href":"http:\/\/desarrollo.grupomedios.com\/futbol\/wp-json\/wp\/v2\/tags?post=500603"}],"curies":[{"name":"wp","href":"https:\/\/api.w.org\/{rel}","templated":true}]}}