{"id":500617,"date":"2017-09-18T10:34:27","date_gmt":"2017-09-18T15:34:27","guid":{"rendered":"https:\/\/www.futboltotal.com.mx\/?p=500617"},"modified":"2017-09-18T14:15:02","modified_gmt":"2017-09-18T19:15:02","slug":"rafa-marquez-vuelve-a-entrenar-atlas","status":"publish","type":"post","link":"http:\/\/desarrollo.grupomedios.com\/futbol\/destacado-home\/rafa-marquez-vuelve-a-entrenar-atlas\/2017\/09","title":{"rendered":"Rafa M\u00e1rquez vuelve a entrenar con el Atlas"},"content":{"rendered":"<p>El defensor mexicano <strong>Rafael M\u00e1rquez<\/strong> volver\u00e1 a entrenar con su club, el <strong>Atlas<\/strong>, casi despu\u00e9s de un mes de que el mexicano dejara de estar a las \u00f3rdenes del cuerpo t\u00e9cnico rojinegro a causa de la investigaci\u00f3n de las autoridades estadounidense\u00a0que vincularon al futbolista con una red de narcotr\u00e1fico.<\/p>\n<p>M\u00e1rquez habr\u00eda pedido a la dirigencia atlista que le permitan continuar con su trabajo de mantenimiento f\u00edsico en las instalaciones del club tapat\u00edo, esperando que en breve se d\u00e9 una resoluci\u00f3n de parte de las autoridades mexicanas y del pa\u00eds vecino que ya le dejen volver a la actividad deportiva profesional.<\/p>\n<p class=\"p1\"><span class=\"s1\">[video_player]https:\/\/player.vimeo.com\/external\/234374957.hd.mp4?s=1d2ace1a5e2d233c9249ad7ed055ba3003f707b5&amp;profile_id=174[\/video_player]<\/span><\/p>\n<p><strong>Rafa<\/strong> se present\u00f3 a los campos de entrenamiento del Atlas poco despu\u00e9s de las 10:30 hrs.\u00a0de este lunes 18 de septiembre, pese a que su estatus se mantiene igual y, por ende, no podr\u00e1 ver acci\u00f3n en el juego de Copa MX ante <strong>Chivas<\/strong> ni en posteriores encuentros de este torneo o de Liga MX.<\/p>\n<p style=\"text-align: center;\"><a href=\"https:\/\/www.futboltotal.com.mx\/2017\/09\/ricardo-pelaez-vuelve-television-analista-espn\/\" target=\"_blank\" rel=\"noopener noreferrer\"><span style=\"color: #333399;\">VER M\u00c1S: Ricardo Pel\u00e1ez vuelve a la televisi\u00f3n&#8230; y no es con Televisa<\/span><\/a><\/p>\n<p>Los <em>Zorros<\/em> tambi\u00e9n publicaron un comunicado en el que oficializan que Rafa regresa a los entrenamientos en sus instalaciones para buscar mantenerse en forma f\u00edsica, a la par de que siga con su proceso legal.<\/p>\n<p><a href=\"https:\/\/www.futboltotal.com.mx\/wp-content\/uploads\/2017\/09\/Rafa-Marquez-Atlas-Comunicado.jpg\"><img decoding=\"async\" loading=\"lazy\" class=\"aligncenter size-large wp-image-500622\" src=\"https:\/\/www.futboltotal.com.mx\/wp-content\/uploads\/2017\/09\/Rafa-Marquez-Atlas-Comunicado-1024x576.jpg\" alt=\"Rafa M\u00e1rquez vuelve a entrenar con el Atlas 0\" srcset=\"http:\/\/desarrollo.grupomedios.com\/futbol\/wp-content\/uploads\/2017\/09\/Rafa-Marquez-Atlas-Comunicado-1024x576.jpg 1024w, http:\/\/desarrollo.grupomedios.com\/futbol\/wp-content\/uploads\/2017\/09\/Rafa-Marquez-Atlas-Comunicado-300x169.jpg 300w, http:\/\/desarrollo.grupomedios.com\/futbol\/wp-content\/uploads\/2017\/09\/Rafa-Marquez-Atlas-Comunicado-768x432.jpg 768w, http:\/\/desarrollo.grupomedios.com\/futbol\/wp-content\/uploads\/2017\/09\/Rafa-Marquez-Atlas-Comunicado-393x221.jpg 393w, http:\/\/desarrollo.grupomedios.com\/futbol\/wp-content\/uploads\/2017\/09\/Rafa-Marquez-Atlas-Comunicado.jpg 1136w\" sizes=\"(max-width: 1024px) 100vw, 1024px\" \/><\/a><\/p>\n<p>El gobierno estadounidense investig\u00f3 y congel\u00f3 los bienes y empresas del jugador de 38 a\u00f1os, adem\u00e1s de cancelarle su visa, lo que caus\u00f3 que <strong>M\u00e1rquez<\/strong> fuera relegado tanto del plantel atlista como de la <strong>Selecci\u00f3n Mexicana<\/strong>.<\/p>\n<p>En d\u00edas pasados, M\u00e1rquez y su esposa <strong>Jaydy Michel<\/strong> compartieron en redes sociales <a href=\"https:\/\/www.futboltotal.com.mx\/2017\/09\/rafa-marquez-se-entrena-vuelta-a-las-canchas\/\" target=\"_blank\" rel=\"noopener noreferrer\"><span style=\"color: #333399;\">videos en los que el central aparece entren\u00e1ndose por su cuenta<\/span><\/a>, lo que deja en claro que conf\u00eda en que pronto pueda tener luz verde para regresar a las canchas, aunque muchos sectores casi dan por hecho que su carrera est\u00e1 a las puertas del retiro obligado.<\/p>\n","protected":false},"excerpt":{"rendered":"<p>Se espera que el mexicano regrese a entrenar con los Zorros.<\/p>\n","protected":false},"author":20,"featured_media":500618,"comment_status":"closed","ping_status":"closed","sticky":false,"template":"","format":"standard","meta":[],"categories":[5,2198,3845],"tags":[5961,6928,6033],"_links":{"self":[{"href":"http:\/\/desarrollo.grupomedios.com\/futbol\/wp-json\/wp\/v2\/posts\/500617"}],"collection":[{"href":"http:\/\/desarrollo.grupomedios.com\/futbol\/wp-json\/wp\/v2\/posts"}],"about":[{"href":"http:\/\/desarrollo.grupomedios.com\/futbol\/wp-json\/wp\/v2\/types\/post"}],"author":[{"embeddable":true,"href":"http:\/\/desarrollo.grupomedios.com\/futbol\/wp-json\/wp\/v2\/users\/20"}],"replies":[{"embeddable":true,"href":"http:\/\/desarrollo.grupomedios.com\/futbol\/wp-json\/wp\/v2\/comments?post=500617"}],"version-history":[{"count":4,"href":"http:\/\/desarrollo.grupomedios.com\/futbol\/wp-json\/wp\/v2\/posts\/500617\/revisions"}],"predecessor-version":[{"id":500667,"href":"http:\/\/desarrollo.grupomedios.com\/futbol\/wp-json\/wp\/v2\/posts\/500617\/revisions\/500667"}],"wp:featuredmedia":[{"embeddable":true,"href":"http:\/\/desarrollo.grupomedios.com\/futbol\/wp-json\/wp\/v2\/media\/500618"}],"wp:attachment":[{"href":"http:\/\/desarrollo.grupomedios.com\/futbol\/wp-json\/wp\/v2\/media?parent=500617"}],"wp:term":[{"taxonomy":"category","embeddable":true,"href":"http:\/\/desarrollo.grupomedios.com\/futbol\/wp-json\/wp\/v2\/categories?post=500617"},{"taxonomy":"post_tag","embeddable":true,"href":"http:\/\/desarrollo.grupomedios.com\/futbol\/wp-json\/wp\/v2\/tags?post=500617"}],"curies":[{"name":"wp","href":"https:\/\/api.w.org\/{rel}","templated":true}]}}