{"id":500620,"date":"2017-09-18T10:48:58","date_gmt":"2017-09-18T15:48:58","guid":{"rendered":"https:\/\/www.futboltotal.com.mx\/?p=500620"},"modified":"2017-09-18T10:48:58","modified_gmt":"2017-09-18T15:48:58","slug":"rooney-se-declaro-culpable-hara-trabajo-comunitario-conducir-ebrio","status":"publish","type":"post","link":"http:\/\/desarrollo.grupomedios.com\/futbol\/futbol-internacional\/rooney-se-declaro-culpable-hara-trabajo-comunitario-conducir-ebrio\/2017\/09","title":{"rendered":"Rooney se declar\u00f3 culpable y har\u00e1 trabajo comunitario por conducir ebrio"},"content":{"rendered":"<p class=\"DETALLE_N_titulo \"><span id=\"ctl14_lblMostra\">El futbolista ingl\u00e9s del <strong>Everton<\/strong>,\u00a0<strong>Wayne Rooney,<\/strong> se declar\u00f3 culpable de conducir ebrio, por lo que fue condenado a cien horas de trabajo comunitario y se le retir\u00f3 el permiso de circulaci\u00f3n durante dos a\u00f1os.<\/p>\n<p>Durante una vista celebrada en los juzgados de Stockport, en la ciudad de <strong>Manchester<\/strong>, el delantero pidi\u00f3 perd\u00f3n por su comportamiento y reconoci\u00f3 que ponerse al volante tras haber bebido alcohol fue una &#8220;falta de juicio imperdonable&#8221;.<\/p>\n<p><strong>Rooney<\/strong>, de 31 a\u00f1os, recibi\u00f3 el alto en un control de alcoholemia mientras circulaba el pasado 1 de septiembre a las dos de la madrugada a los mandos de un veh\u00edculo de una acompa\u00f1ante por la localidad de Wilmslow, en el condado de Cheshire, al norte de Inglaterra.<\/span><\/p>\n<p class=\"DETALLE_N_titulo \" style=\"text-align: center;\"><span id=\"ctl14_lblMostra\"><a href=\"https:\/\/www.futboltotal.com.mx\/2017\/09\/rafa-marquez-vuelve-a-entrenar-con-el-atlas\/\" target=\"_blank\" rel=\"noopener noreferrer\"><span style=\"color: #333399;\">VER M\u00c1S: Rafa M\u00e1rquez vuelve a entrenar con el Atlas<\/span><\/a><\/span><\/p>\n<p class=\"DETALLE_N_titulo \"><span id=\"ctl14_lblMostra\">El ex capit\u00e1n de la selecci\u00f3n de <strong>Inglaterra<\/strong> y del <strong>Manchester United<\/strong> fue detenido y puesto despu\u00e9s en libertad bajo fianza hasta la celebraci\u00f3n hoy del juicio.<\/p>\n<p>Las pruebas presentadas constataron que Rooney conduc\u00eda con un nivel de alcohol en el organismo tres veces superior al l\u00edmite permitido, que en Inglaterra y Gales se sit\u00faa en los 35 microgramos por 100 mililitros de aliento.<\/p>\n<p>En un comunicado, Rooney declar\u00f3 que ya hab\u00eda pedido disculpas a su entrenador, el holand\u00e9s <strong>Ronald Koeman<\/strong>, a &#8220;todo el mundo en el Everton&#8221; y a su esposa Coleen y sus tres hijos, quienes se encontraban de vacaciones cuando ocurri\u00f3 este incidente.<\/p>\n<p>&#8220;Ahora quiero pedir perd\u00f3n a todos los seguidores y a cualquiera que me haya seguido y apoyado durante mi carrera. Por supuesto, acepto la sentencia del tribunal y espero que pueda arreglar algunas cosas a trav\u00e9s del trabajo comunitario&#8221;, agreg\u00f3 el futbolista.<\/p>\n<p>Casado con Coleen desde 2008, la pareja anunci\u00f3 recientemente que espera ahora a su cuarto hijo.<\/span><\/p>\n<div id=\"texto\" class=\"texto_txt\"><\/div>\n","protected":false},"excerpt":{"rendered":"<p>El delantero del Everton pidi\u00f3 perd\u00f3n por su comportamiento.<\/p>\n","protected":false},"author":20,"featured_media":500624,"comment_status":"closed","ping_status":"closed","sticky":false,"template":"","format":"standard","meta":[],"categories":[3839],"tags":[10249,219,6075,6051],"_links":{"self":[{"href":"http:\/\/desarrollo.grupomedios.com\/futbol\/wp-json\/wp\/v2\/posts\/500620"}],"collection":[{"href":"http:\/\/desarrollo.grupomedios.com\/futbol\/wp-json\/wp\/v2\/posts"}],"about":[{"href":"http:\/\/desarrollo.grupomedios.com\/futbol\/wp-json\/wp\/v2\/types\/post"}],"author":[{"embeddable":true,"href":"http:\/\/desarrollo.grupomedios.com\/futbol\/wp-json\/wp\/v2\/users\/20"}],"replies":[{"embeddable":true,"href":"http:\/\/desarrollo.grupomedios.com\/futbol\/wp-json\/wp\/v2\/comments?post=500620"}],"version-history":[{"count":1,"href":"http:\/\/desarrollo.grupomedios.com\/futbol\/wp-json\/wp\/v2\/posts\/500620\/revisions"}],"predecessor-version":[{"id":500625,"href":"http:\/\/desarrollo.grupomedios.com\/futbol\/wp-json\/wp\/v2\/posts\/500620\/revisions\/500625"}],"wp:featuredmedia":[{"embeddable":true,"href":"http:\/\/desarrollo.grupomedios.com\/futbol\/wp-json\/wp\/v2\/media\/500624"}],"wp:attachment":[{"href":"http:\/\/desarrollo.grupomedios.com\/futbol\/wp-json\/wp\/v2\/media?parent=500620"}],"wp:term":[{"taxonomy":"category","embeddable":true,"href":"http:\/\/desarrollo.grupomedios.com\/futbol\/wp-json\/wp\/v2\/categories?post=500620"},{"taxonomy":"post_tag","embeddable":true,"href":"http:\/\/desarrollo.grupomedios.com\/futbol\/wp-json\/wp\/v2\/tags?post=500620"}],"curies":[{"name":"wp","href":"https:\/\/api.w.org\/{rel}","templated":true}]}}