{"id":500629,"date":"2017-09-18T09:20:00","date_gmt":"2017-09-18T14:20:00","guid":{"rendered":"https:\/\/www.futboltotal.com.mx\/?p=500629"},"modified":"2017-09-18T13:43:33","modified_gmt":"2017-09-18T18:43:33","slug":"nos-dejo-la-jornada-9-la-liga-mx","status":"publish","type":"post","link":"http:\/\/desarrollo.grupomedios.com\/futbol\/futbol-mexicano\/nos-dejo-la-jornada-9-la-liga-mx\/2017\/09","title":{"rendered":"\u00bfQu\u00e9 nos dej\u00f3 la Jornada 9 de la Liga MX?"},"content":{"rendered":"<p>Se jug\u00f3 la <strong>Jornada 9 del Apertura 2017<\/strong> y con ello hemos llegado pr\u00e1cticamente a la mitad del torneo, donde los <strong>Rayados de Monterrey<\/strong> marcan el ritmo al mantenerse como l\u00edderes e invictos junto a Cruz Azul.<\/p>\n<p>El torneo ya va tomando forma rumbo a la parte final y algunos equipos ya van viendo a qu\u00e9 aspiran para cerrar el torneo, donde esperan cumplir sus objetivos.<\/p>\n<p>En <strong>Futbol Tota<\/strong>l te presentamos: <strong>\u00bfQu\u00e9 nos dej\u00f3 la Jornada 9 de la Liga MX?<\/strong><\/p>\n<p style=\"text-align: center;\"><span style=\"color: #3366ff;\"><a style=\"color: #3366ff;\" href=\"https:\/\/www.futboltotal.com.mx\/2017\/09\/11-ideal-la-jornada-9-del-apertura-2017\/\">VER M\u00c1S: El 11 ideal de la jornada 9 del Apertura 2017<\/a><\/span><\/p>\n<p><script type=\"text\/javascript\" src=\"\/\/cdn.playbuzz.com\/widget\/feed.js\"><\/script><\/p>\n<div class=\"pb_feed\" data-embed-by=\"d43f3879-83ed-40bc-99d7-fde80605466f\" data-item=\"14f704e1-155c-4e9b-b472-67f2d70da7ef\" data-recommend=\"false\" data-game-info=\"false\" data-comments=\"false\" data-shares=\"false\" data-version=\"2\"><\/div>\n","protected":false},"excerpt":{"rendered":"<p>Conoce lo m\u00e1s sobresaliente del fin de semana.<\/p>\n","protected":false},"author":20,"featured_media":500633,"comment_status":"closed","ping_status":"closed","sticky":false,"template":"","format":"standard","meta":[],"categories":[2198,3845],"tags":[8357,3081,64],"_links":{"self":[{"href":"http:\/\/desarrollo.grupomedios.com\/futbol\/wp-json\/wp\/v2\/posts\/500629"}],"collection":[{"href":"http:\/\/desarrollo.grupomedios.com\/futbol\/wp-json\/wp\/v2\/posts"}],"about":[{"href":"http:\/\/desarrollo.grupomedios.com\/futbol\/wp-json\/wp\/v2\/types\/post"}],"author":[{"embeddable":true,"href":"http:\/\/desarrollo.grupomedios.com\/futbol\/wp-json\/wp\/v2\/users\/20"}],"replies":[{"embeddable":true,"href":"http:\/\/desarrollo.grupomedios.com\/futbol\/wp-json\/wp\/v2\/comments?post=500629"}],"version-history":[{"count":1,"href":"http:\/\/desarrollo.grupomedios.com\/futbol\/wp-json\/wp\/v2\/posts\/500629\/revisions"}],"predecessor-version":[{"id":500634,"href":"http:\/\/desarrollo.grupomedios.com\/futbol\/wp-json\/wp\/v2\/posts\/500629\/revisions\/500634"}],"wp:featuredmedia":[{"embeddable":true,"href":"http:\/\/desarrollo.grupomedios.com\/futbol\/wp-json\/wp\/v2\/media\/500633"}],"wp:attachment":[{"href":"http:\/\/desarrollo.grupomedios.com\/futbol\/wp-json\/wp\/v2\/media?parent=500629"}],"wp:term":[{"taxonomy":"category","embeddable":true,"href":"http:\/\/desarrollo.grupomedios.com\/futbol\/wp-json\/wp\/v2\/categories?post=500629"},{"taxonomy":"post_tag","embeddable":true,"href":"http:\/\/desarrollo.grupomedios.com\/futbol\/wp-json\/wp\/v2\/tags?post=500629"}],"curies":[{"name":"wp","href":"https:\/\/api.w.org\/{rel}","templated":true}]}}