{"id":500654,"date":"2017-09-18T13:46:28","date_gmt":"2017-09-18T18:46:28","guid":{"rendered":"https:\/\/www.futboltotal.com.mx\/?p=500654"},"modified":"2017-09-18T13:46:28","modified_gmt":"2017-09-18T18:46:28","slug":"dani-alves-aclara-pelea-neymar-cavani","status":"publish","type":"post","link":"http:\/\/desarrollo.grupomedios.com\/futbol\/futbol-internacional\/dani-alves-aclara-pelea-neymar-cavani\/2017\/09","title":{"rendered":"Dani Alves aclara pelea entre Neymar y Cavani"},"content":{"rendered":"<p>Tras la<span style=\"color: #3366ff;\"> <a style=\"color: #3366ff;\" href=\"https:\/\/www.futboltotal.com.mx\/2017\/09\/asi-fue-la-discusion-neymar-cavani-en-triunfo-del-psg\/\" target=\"_blank\" rel=\"noopener noreferrer\">discusi\u00f3n entre el brasile\u00f1o Neymar y el uruguayo Edinson Cavani<\/a><\/span> durante el partido entre el<strong> PSG<\/strong> y el Olympique de Lyon,<strong> Dani Alves<\/strong> sali\u00f3 a a aclarar lo que sucedi\u00f3 y explic\u00f3 que \u00e9l tambi\u00e9n quer\u00eda cobrar el tiro libre, aunque en las im\u00e1genes se ve que le da el bal\u00f3n a su compatriota.<\/p>\n<p>&#8220;Iba a pegarla yo. Agarr\u00e9 el bal\u00f3n para tirar la falta, porque ya hice algunos goles. Ten\u00eda confianza. Pero eso es lo de menos. Lo m\u00e1s importante es que el equipo est\u00e9 por encima de cualquier resultado individual. En ese momento quer\u00eda tomar la responsabilidad, pero despu\u00e9s <strong>Ney<\/strong> cogi\u00f3 el bal\u00f3n y acab\u00f3 tirando. Agarr\u00e9 el bal\u00f3n para intentar chutar, pero desafortunadamente no pude\u201d, afirm\u00f3 el zaguero del <strong>PSG<\/strong>.<\/p>\n<p style=\"text-align: center;\"><span style=\"color: #3366ff;\"><a style=\"color: #3366ff;\" href=\"https:\/\/www.futboltotal.com.mx\/2017\/09\/aseguran-neymar-mbappe-psg-relegan-a-cavani\/\">VER M\u00c1S: Aseguran que Neymar, Mbapp\u00e9 y el PSG relegan a Cavani<\/a><\/span><\/p>\n<blockquote class=\"twitter-tweet\" data-width=\"500\">\n<p lang=\"es\" dir=\"ltr\">Dani Alves no le deja el bal\u00f3n a Cavani para d\u00e1rselo a Neymar. Flipo. Qu\u00e9 &#39;compa\u00f1erismo&#39;.<a href=\"https:\/\/t.co\/M5cLQOV0k7\">pic.twitter.com\/M5cLQOV0k7<\/a><\/p>\n<p>&mdash; Juan Carlos \u26bd\ufe0f (@Juan7CarlosRMA) <a href=\"https:\/\/twitter.com\/Juan7CarlosRMA\/status\/909527473167192065\">September 17, 2017<\/a><\/p><\/blockquote>\n<p><script async src=\"\/\/platform.twitter.com\/widgets.js\" charset=\"utf-8\"><\/script><\/p>\n<p>Quien tambi\u00e9n dio su opini\u00f3n fue el t\u00e9cnico espa\u00f1ol <strong>Unai Emery<\/strong>, quien se dijo seguro por saber que sus jugadores ven por el equipo y no por las acciones individuales.<\/p>\n<p>&#8220;Creo que los dos son capaces de ponerse de acuerdo inteligentemente en el terreno de juego. Despu\u00e9s, desde dentro, vamos a equilibrar los turnos de lanzamiento, porque creo que los dos son capaces y quiero que se alternen&#8221;, se\u00f1al\u00f3 <strong>Unai Emery<\/strong>.<\/p>\n","protected":false},"excerpt":{"rendered":"<p>El brasile\u00f1o asegur\u00f3 que no hubo ninguna pelea.<\/p>\n","protected":false},"author":20,"featured_media":500655,"comment_status":"closed","ping_status":"closed","sticky":false,"template":"","format":"standard","meta":[],"categories":[3839],"tags":[5983,6001,114],"_links":{"self":[{"href":"http:\/\/desarrollo.grupomedios.com\/futbol\/wp-json\/wp\/v2\/posts\/500654"}],"collection":[{"href":"http:\/\/desarrollo.grupomedios.com\/futbol\/wp-json\/wp\/v2\/posts"}],"about":[{"href":"http:\/\/desarrollo.grupomedios.com\/futbol\/wp-json\/wp\/v2\/types\/post"}],"author":[{"embeddable":true,"href":"http:\/\/desarrollo.grupomedios.com\/futbol\/wp-json\/wp\/v2\/users\/20"}],"replies":[{"embeddable":true,"href":"http:\/\/desarrollo.grupomedios.com\/futbol\/wp-json\/wp\/v2\/comments?post=500654"}],"version-history":[{"count":2,"href":"http:\/\/desarrollo.grupomedios.com\/futbol\/wp-json\/wp\/v2\/posts\/500654\/revisions"}],"predecessor-version":[{"id":500659,"href":"http:\/\/desarrollo.grupomedios.com\/futbol\/wp-json\/wp\/v2\/posts\/500654\/revisions\/500659"}],"wp:featuredmedia":[{"embeddable":true,"href":"http:\/\/desarrollo.grupomedios.com\/futbol\/wp-json\/wp\/v2\/media\/500655"}],"wp:attachment":[{"href":"http:\/\/desarrollo.grupomedios.com\/futbol\/wp-json\/wp\/v2\/media?parent=500654"}],"wp:term":[{"taxonomy":"category","embeddable":true,"href":"http:\/\/desarrollo.grupomedios.com\/futbol\/wp-json\/wp\/v2\/categories?post=500654"},{"taxonomy":"post_tag","embeddable":true,"href":"http:\/\/desarrollo.grupomedios.com\/futbol\/wp-json\/wp\/v2\/tags?post=500654"}],"curies":[{"name":"wp","href":"https:\/\/api.w.org\/{rel}","templated":true}]}}