{"id":500675,"date":"2017-09-18T15:09:58","date_gmt":"2017-09-18T20:09:58","guid":{"rendered":"https:\/\/www.futboltotal.com.mx\/?p=500675"},"modified":"2017-09-18T15:09:58","modified_gmt":"2017-09-18T20:09:58","slug":"jose-ramon-lanza-advertencia-a-ricardo-pelaez","status":"publish","type":"post","link":"http:\/\/desarrollo.grupomedios.com\/futbol\/cambio-de-juego\/jose-ramon-lanza-advertencia-a-ricardo-pelaez\/2017\/09","title":{"rendered":"Jose Ram\u00f3n lanza advertencia a Ricardo Pel\u00e1ez"},"content":{"rendered":"<p>Este d\u00eda se anunci\u00f3 que el ex presidente del Am\u00e9rica, <strong>Ricardo Pel\u00e1ez<\/strong>, regresar\u00e1 a la televisi\u00f3n como analista y el programa de Futbol Picante de ESPN ver\u00e1 su regreso a la pantalla chica.<\/p>\n<p>Es por ello que <strong>Jos\u00e9 Ram\u00f3n Fern\u00e1ndez<\/strong>, el titular del programa, ya dio la bienvenida a <strong>Pel\u00e1ez<\/strong> y le asegur\u00f3 que ah\u00ed &#8220;no estar\u00e1 tan c\u00f3modo como en otros lugares&#8221;.<\/p>\n<p>Aqu\u00ed el video que comparti\u00f3 <strong>Jos\u00e9 Ram\u00f3n<\/strong> a trav\u00e9s de su cuenta de Twitter.<\/p>\n<p style=\"text-align: center;\"><span style=\"color: #3366ff;\"><a style=\"color: #3366ff;\" href=\"https:\/\/www.futboltotal.com.mx\/2017\/09\/dani-alves-aclara-pelea-neymar-cavani\/\">VER M\u00c1S: Dani Alves aclara pelea entre Neymar y Cavani<\/a><\/span><\/p>\n<blockquote class=\"twitter-tweet\" data-width=\"500\">\n<p lang=\"es\" dir=\"ltr\">Bienvenido Ricardo <a href=\"https:\/\/twitter.com\/RPELAEZ9\">@RPELAEZ9<\/a> a esta casa <a href=\"https:\/\/twitter.com\/ESPNmx\">@ESPNmx<\/a> ,donde no estar\u00e1s tan c\u00f3modo como en las anteriores. <a href=\"https:\/\/twitter.com\/hashtag\/Pel%C3%A1ezEnPicante?src=hash\">#Pel\u00e1ezEnPicante<\/a> y <a href=\"https:\/\/twitter.com\/hashtag\/CuauEnPicante?src=hash\">#CuauEnPicante<\/a> <a href=\"https:\/\/t.co\/33azUSteWR\">pic.twitter.com\/33azUSteWR<\/a><\/p>\n<p>&mdash; Jos\u00e9 Ram\u00f3n Fern\u00e1ndez (@joserra_espn) <a href=\"https:\/\/twitter.com\/joserra_espn\/status\/909834486589792256\">September 18, 2017<\/a><\/p><\/blockquote>\n<p><script async src=\"\/\/platform.twitter.com\/widgets.js\" charset=\"utf-8\"><\/script><\/p>\n","protected":false},"excerpt":{"rendered":"<p>Asegur\u00f3 que &#8220;Pel\u00e1ez no estar\u00e1 c\u00f3modo como en otros lugares&#8221;.<\/p>\n","protected":false},"author":20,"featured_media":446269,"comment_status":"closed","ping_status":"closed","sticky":false,"template":"","format":"standard","meta":[],"categories":[5419],"tags":[5460,6974,349],"_links":{"self":[{"href":"http:\/\/desarrollo.grupomedios.com\/futbol\/wp-json\/wp\/v2\/posts\/500675"}],"collection":[{"href":"http:\/\/desarrollo.grupomedios.com\/futbol\/wp-json\/wp\/v2\/posts"}],"about":[{"href":"http:\/\/desarrollo.grupomedios.com\/futbol\/wp-json\/wp\/v2\/types\/post"}],"author":[{"embeddable":true,"href":"http:\/\/desarrollo.grupomedios.com\/futbol\/wp-json\/wp\/v2\/users\/20"}],"replies":[{"embeddable":true,"href":"http:\/\/desarrollo.grupomedios.com\/futbol\/wp-json\/wp\/v2\/comments?post=500675"}],"version-history":[{"count":1,"href":"http:\/\/desarrollo.grupomedios.com\/futbol\/wp-json\/wp\/v2\/posts\/500675\/revisions"}],"predecessor-version":[{"id":500676,"href":"http:\/\/desarrollo.grupomedios.com\/futbol\/wp-json\/wp\/v2\/posts\/500675\/revisions\/500676"}],"wp:featuredmedia":[{"embeddable":true,"href":"http:\/\/desarrollo.grupomedios.com\/futbol\/wp-json\/wp\/v2\/media\/446269"}],"wp:attachment":[{"href":"http:\/\/desarrollo.grupomedios.com\/futbol\/wp-json\/wp\/v2\/media?parent=500675"}],"wp:term":[{"taxonomy":"category","embeddable":true,"href":"http:\/\/desarrollo.grupomedios.com\/futbol\/wp-json\/wp\/v2\/categories?post=500675"},{"taxonomy":"post_tag","embeddable":true,"href":"http:\/\/desarrollo.grupomedios.com\/futbol\/wp-json\/wp\/v2\/tags?post=500675"}],"curies":[{"name":"wp","href":"https:\/\/api.w.org\/{rel}","templated":true}]}}