{"id":500679,"date":"2017-09-18T15:47:24","date_gmt":"2017-09-18T20:47:24","guid":{"rendered":"https:\/\/www.futboltotal.com.mx\/?p=500679"},"modified":"2017-09-18T15:47:24","modified_gmt":"2017-09-18T20:47:24","slug":"asi-se-subio-la-mascota-del-veracruz-al-tren","status":"publish","type":"post","link":"http:\/\/desarrollo.grupomedios.com\/futbol\/futbol-mexicano\/asi-se-subio-la-mascota-del-veracruz-al-tren\/2017\/09","title":{"rendered":"As\u00ed se subi\u00f3 la mascota del Veracruz al tren de &#8216;Eso&#8217;"},"content":{"rendered":"<p>Aprovechando que hace unos d\u00edas se estreno la pel\u00edcula &#8220;Eso&#8221;, la mascota del <strong>Veracruz<\/strong> volvi\u00f3 a hacer de las suyas y escenific\u00f3 al personaje de la nueva pel\u00edcula.<\/p>\n<p>El <em>Tibu<\/em> es una de las mascotas que m\u00e1s anima en la Liga MX y seguido regala cada disfraz, ahora fue en el partido donde <span style=\"color: #3366ff;\"><a style=\"color: #3366ff;\" href=\"https:\/\/www.futboltotal.com.mx\/2017\/09\/resultados-veracruz-0-1-lobos-buap-apertura-2017-cronica\" target=\"_blank\" rel=\"noopener noreferrer\">Veracruz cay\u00f3 ante Lobos BUAP<\/a><\/span> cuando se disfraz\u00f3 de<strong> Pennywise<\/strong>, personaje principal de &#8220;It&#8221;.<\/p>\n<p>La mascota del equipo escualo sorprendi\u00f3 a todos saltando al campo vestido como el payaso <strong>Pennywise<\/strong> y hasta llevaba su globito para tener m\u00e1s realismo.<\/p>\n<p style=\"text-align: center;\"><span style=\"color: #3366ff;\"><a style=\"color: #3366ff;\" href=\"https:\/\/www.futboltotal.com.mx\/2017\/09\/tv-azteca-derroto-a-televisa-en-transmision-canelo-golovkin\/\">VER M\u00c1S: TV Azteca derrot\u00f3 a Televisa en transmisi\u00f3n de Canelo-Golovkin<\/a><\/span><\/p>\n<p><img decoding=\"async\" src=\"https:\/\/soyreferee.com\/wp-content\/uploads\/2017\/09\/DJ9g8mIVwAArU-I-1024x1024.jpg\" \/><\/p>\n<p><img decoding=\"async\" src=\"https:\/\/soyreferee.com\/wp-content\/uploads\/2017\/09\/DKAlvU2VwAAM2MY.jpg\" \/><\/p>\n<p><em>Tibu<\/em>\u00a0aprovecha cada evento y fecha especial para modificar su apariencia. La carism\u00e1tica mascota ha personificado al cura Miguel Hidalgo, al <em>Joker<\/em> de Batman y algunos otros.<\/p>\n<p><img decoding=\"async\" src=\"https:\/\/soyreferee.com\/wp-content\/uploads\/2017\/09\/DJ-vmiyU8AE4Tbf.jpg\" \/><\/p>\n<p><img decoding=\"async\" src=\"https:\/\/soyreferee.com\/wp-content\/uploads\/2017\/09\/DJ-u2HPVYAAGiop-1024x768.jpg\" \/><\/p>\n","protected":false},"excerpt":{"rendered":"<p>Mira las divertidas im\u00e1genes de la mascota del Veracruz.<\/p>\n","protected":false},"author":20,"featured_media":500684,"comment_status":"closed","ping_status":"closed","sticky":false,"template":"","format":"standard","meta":[],"categories":[5419,2198,3845],"tags":[5460],"_links":{"self":[{"href":"http:\/\/desarrollo.grupomedios.com\/futbol\/wp-json\/wp\/v2\/posts\/500679"}],"collection":[{"href":"http:\/\/desarrollo.grupomedios.com\/futbol\/wp-json\/wp\/v2\/posts"}],"about":[{"href":"http:\/\/desarrollo.grupomedios.com\/futbol\/wp-json\/wp\/v2\/types\/post"}],"author":[{"embeddable":true,"href":"http:\/\/desarrollo.grupomedios.com\/futbol\/wp-json\/wp\/v2\/users\/20"}],"replies":[{"embeddable":true,"href":"http:\/\/desarrollo.grupomedios.com\/futbol\/wp-json\/wp\/v2\/comments?post=500679"}],"version-history":[{"count":1,"href":"http:\/\/desarrollo.grupomedios.com\/futbol\/wp-json\/wp\/v2\/posts\/500679\/revisions"}],"predecessor-version":[{"id":500685,"href":"http:\/\/desarrollo.grupomedios.com\/futbol\/wp-json\/wp\/v2\/posts\/500679\/revisions\/500685"}],"wp:featuredmedia":[{"embeddable":true,"href":"http:\/\/desarrollo.grupomedios.com\/futbol\/wp-json\/wp\/v2\/media\/500684"}],"wp:attachment":[{"href":"http:\/\/desarrollo.grupomedios.com\/futbol\/wp-json\/wp\/v2\/media?parent=500679"}],"wp:term":[{"taxonomy":"category","embeddable":true,"href":"http:\/\/desarrollo.grupomedios.com\/futbol\/wp-json\/wp\/v2\/categories?post=500679"},{"taxonomy":"post_tag","embeddable":true,"href":"http:\/\/desarrollo.grupomedios.com\/futbol\/wp-json\/wp\/v2\/tags?post=500679"}],"curies":[{"name":"wp","href":"https:\/\/api.w.org\/{rel}","templated":true}]}}