{"id":500686,"date":"2017-09-18T16:20:14","date_gmt":"2017-09-18T21:20:14","guid":{"rendered":"https:\/\/www.futboltotal.com.mx\/?p=500686"},"modified":"2017-09-18T16:20:14","modified_gmt":"2017-09-18T21:20:14","slug":"cavani-sale-a-explicar-situacion-neymar","status":"publish","type":"post","link":"http:\/\/desarrollo.grupomedios.com\/futbol\/futbol-internacional\/cavani-sale-a-explicar-situacion-neymar\/2017\/09","title":{"rendered":"Cavani sale a explicar su situaci\u00f3n con Neymar"},"content":{"rendered":"<p><strong>Edinson Cavani<\/strong> rechaz\u00f3 tener problemas con su compa\u00f1ero brasile\u00f1o<strong> Neymar<\/strong>, con quien <a href=\"https:\/\/www.futboltotal.com.mx\/2017\/09\/asi-fue-la-discusion-neymar-cavani-en-triunfo-del-psg\/\" target=\"_blank\" rel=\"noopener noreferrer\">discuti\u00f3 el domingo en el partido del Par\u00eds Saint-Germain contra Lyon<\/a>, y consider\u00f3 que son cosas normales en el f\u00fatbol, inform\u00f3 la prensa de Uruguay.<\/p>\n<p>Las dos estrellas del f\u00fatbol mantuvieron el domingo dos desencuentros por tirar un penal y tras una falta a favor en el triunfo del PSG por 2-0 ante el Lyon, lo que ha sido visto como una primera se\u00f1al de una guerra de egos entre los sudamericanos.<\/p>\n<p style=\"text-align: center;\"><span style=\"color: #3366ff;\"><a style=\"color: #3366ff;\" href=\"https:\/\/www.futboltotal.com.mx\/2017\/09\/dani-alves-aclara-pelea-neymar-cavani\/\">VER M\u00c1S: Dani Alves aclara pelea entre Neymar y Cavani<\/a><\/span><\/p>\n<p>&#8220;Esas son cosas que las crean. No s\u00e9 por qu\u00e9 crean todas esas historias. La verdad creo que a veces son cuestiones normales, cosas que pasan en el f\u00fatbol&#8221;, dijo el futbolista al programa uruguayo<em> Gol de Medianoche de Radio Universal<\/em>.<\/p>\n<p>&#8220;Es una historia que me he enterado ahora hablando con mi hermano de que la gente habla de que <strong>Cavani<\/strong> no deja patear los penales o que hay un problema con <strong>Neymar<\/strong>. La verdad que no hay problema ninguno&#8221;, se\u00f1al\u00f3.<\/p>\n<p>&#8220;\u00c9l (<strong>Neymar<\/strong>) reci\u00e9n lleg\u00f3, seguramente se ir\u00e1 haciendo conocer cada vez m\u00e1s, nosotros, como siempre dije desde el primer momento, tenemos toda la positividad y la disposici\u00f3n para que se pueda adaptar de la mejor manera. Creo que se ha demostrado porque se siente y se ve que se est\u00e1 adaptando r\u00e1pidamente&#8221;, a\u00f1adi\u00f3 Cavani al hablar sobre la reciente llegada del brasile\u00f1o al <strong>PSG<\/strong>.<\/p>\n<p style=\"text-align: center;\"><span style=\"color: #3366ff;\"><a style=\"color: #3366ff;\" href=\"https:\/\/www.futboltotal.com.mx\/2017\/09\/tv-azteca-derroto-a-televisa-en-transmision-canelo-golovkin\/\">VER M\u00c1S: TV Azteca derrot\u00f3 a Televisa en transmisi\u00f3n de Canelo-Golovkin<\/a><\/span><\/p>\n<p>Neymar es el fichaje m\u00e1s caro de la historia tras pagar 222 millones al Barcelona.<\/p>\n","protected":false},"excerpt":{"rendered":"<p>El uruguayo descart\u00f3 cualquier problema.<\/p>\n","protected":false},"author":20,"featured_media":423900,"comment_status":"closed","ping_status":"closed","sticky":false,"template":"","format":"standard","meta":[],"categories":[3839,9609],"tags":[2449,6001,114],"_links":{"self":[{"href":"http:\/\/desarrollo.grupomedios.com\/futbol\/wp-json\/wp\/v2\/posts\/500686"}],"collection":[{"href":"http:\/\/desarrollo.grupomedios.com\/futbol\/wp-json\/wp\/v2\/posts"}],"about":[{"href":"http:\/\/desarrollo.grupomedios.com\/futbol\/wp-json\/wp\/v2\/types\/post"}],"author":[{"embeddable":true,"href":"http:\/\/desarrollo.grupomedios.com\/futbol\/wp-json\/wp\/v2\/users\/20"}],"replies":[{"embeddable":true,"href":"http:\/\/desarrollo.grupomedios.com\/futbol\/wp-json\/wp\/v2\/comments?post=500686"}],"version-history":[{"count":1,"href":"http:\/\/desarrollo.grupomedios.com\/futbol\/wp-json\/wp\/v2\/posts\/500686\/revisions"}],"predecessor-version":[{"id":500687,"href":"http:\/\/desarrollo.grupomedios.com\/futbol\/wp-json\/wp\/v2\/posts\/500686\/revisions\/500687"}],"wp:featuredmedia":[{"embeddable":true,"href":"http:\/\/desarrollo.grupomedios.com\/futbol\/wp-json\/wp\/v2\/media\/423900"}],"wp:attachment":[{"href":"http:\/\/desarrollo.grupomedios.com\/futbol\/wp-json\/wp\/v2\/media?parent=500686"}],"wp:term":[{"taxonomy":"category","embeddable":true,"href":"http:\/\/desarrollo.grupomedios.com\/futbol\/wp-json\/wp\/v2\/categories?post=500686"},{"taxonomy":"post_tag","embeddable":true,"href":"http:\/\/desarrollo.grupomedios.com\/futbol\/wp-json\/wp\/v2\/tags?post=500686"}],"curies":[{"name":"wp","href":"https:\/\/api.w.org\/{rel}","templated":true}]}}