{"id":500688,"date":"2017-09-18T17:09:30","date_gmt":"2017-09-18T22:09:30","guid":{"rendered":"https:\/\/www.futboltotal.com.mx\/?p=500688"},"modified":"2017-09-18T17:09:30","modified_gmt":"2017-09-18T22:09:30","slug":"tuca-ferretti-quiere-ver-a-rafa-marquez-en-mundial-mexico","status":"publish","type":"post","link":"http:\/\/desarrollo.grupomedios.com\/futbol\/futbol-mexicano\/tuca-ferretti-quiere-ver-a-rafa-marquez-en-mundial-mexico\/2017\/09","title":{"rendered":"Tuca Ferretti quiere ver a Rafa M\u00e1rquez en el Mundial con M\u00e9xico"},"content":{"rendered":"<p>El entrenador de Tigres, <strong>Ricardo Ferretti<\/strong>, manifest\u00f3 su deseo de que el experimentado defensa <strong>Rafael M\u00e1rquez<\/strong>, en problemas legales con el Gobierno de Estados Unidos, resuelva sus asuntos y acompa\u00f1e a la selecci\u00f3n mexicana en el <strong>Mundial de Rusia<\/strong>.<\/p>\n<p><strong>M\u00e1rquez<\/strong>, de 38 a\u00f1os, <span style=\"color: #3366ff;\"><a style=\"color: #3366ff;\" href=\"https:\/\/www.futboltotal.com.mx\/2017\/09\/rafa-marquez-vuelve-a-entrenar-con-el-atlas\/\" target=\"_blank\" rel=\"noopener noreferrer\">regres\u00f3 este lunes a los entrenamientos del Atlas<\/a><\/span> para mantenerse en buena forma f\u00edsica al tiempo que seguir\u00e1 su proceso legal en Estados Unidos.<\/p>\n<p>Su vuelta a los entrenamientos no significa que podr\u00e1 jugar con su equipo.<\/p>\n<p style=\"text-align: center;\"><span style=\"color: #3366ff;\"><a style=\"color: #3366ff;\" href=\"https:\/\/www.futboltotal.com.mx\/2017\/09\/jose-ramon-lanza-advertencia-a-ricardo-pelaez\/\">VER M\u00c1S: Jose Ram\u00f3n lanza advertencia a Ricardo Pel\u00e1ez<\/a><\/span><\/p>\n<p>&#8220;<strong>Rafa<\/strong> es un gran ser humano, un gran hombre, padre, esposo, jugador, en toda la extensi\u00f3n de la palabra y que bueno que hoy vuelve y creo que este asunto cada d\u00eda se va a aclarar cada vez m\u00e1s, y le vamos a dar la raz\u00f3n a <strong>Rafa<\/strong>&#8220;, dijo <strong>Ferretti<\/strong>.<\/p>\n<p>&#8220;Ojal\u00e1 que pueda estar en plenitud f\u00edsica-atl\u00e9tica porque mentalidad le sobra y que pueda llegar hasta Rusia apoyando a la selecci\u00f3n porque es un jugador que tiene mucho para aportar&#8221;, a\u00f1adi\u00f3.<\/p>\n<p>De acuerdo con una investigaci\u00f3n que el Gobierno de Estados Unidos hizo p\u00fablica el 9 de agosto, <strong>M\u00e1rquez<\/strong> y el cantante Juli\u00f3n \u00c1lvarez son sospechosos, junto con otros 20 mexicanos, de ser testaferros del traficante Ra\u00fal Flores Hern\u00e1ndez, una acusaci\u00f3n que fue rechazada tanto por el jugador como por el artista. EFE<\/p>\n<p style=\"text-align: center;\"><span style=\"color: #3366ff;\"><a style=\"color: #3366ff;\" href=\"https:\/\/www.futboltotal.com.mx\/2017\/09\/neymar-habria-dado-unfollow-a-cavani-tras-discusion\/\">VER M\u00c1S: Neymar habr\u00eda dado \u2018unfollow\u2019 a Cavani tras discusi\u00f3n<\/a><\/span><\/p>\n","protected":false},"excerpt":{"rendered":"<p>El t\u00e9cnico espera ver a M\u00e1rquez con el Tri.<\/p>\n","protected":false},"author":144,"featured_media":481052,"comment_status":"closed","ping_status":"closed","sticky":false,"template":"","format":"standard","meta":[],"categories":[2198,3845],"tags":[64,6033,1458],"_links":{"self":[{"href":"http:\/\/desarrollo.grupomedios.com\/futbol\/wp-json\/wp\/v2\/posts\/500688"}],"collection":[{"href":"http:\/\/desarrollo.grupomedios.com\/futbol\/wp-json\/wp\/v2\/posts"}],"about":[{"href":"http:\/\/desarrollo.grupomedios.com\/futbol\/wp-json\/wp\/v2\/types\/post"}],"author":[{"embeddable":true,"href":"http:\/\/desarrollo.grupomedios.com\/futbol\/wp-json\/wp\/v2\/users\/144"}],"replies":[{"embeddable":true,"href":"http:\/\/desarrollo.grupomedios.com\/futbol\/wp-json\/wp\/v2\/comments?post=500688"}],"version-history":[{"count":1,"href":"http:\/\/desarrollo.grupomedios.com\/futbol\/wp-json\/wp\/v2\/posts\/500688\/revisions"}],"predecessor-version":[{"id":500689,"href":"http:\/\/desarrollo.grupomedios.com\/futbol\/wp-json\/wp\/v2\/posts\/500688\/revisions\/500689"}],"wp:featuredmedia":[{"embeddable":true,"href":"http:\/\/desarrollo.grupomedios.com\/futbol\/wp-json\/wp\/v2\/media\/481052"}],"wp:attachment":[{"href":"http:\/\/desarrollo.grupomedios.com\/futbol\/wp-json\/wp\/v2\/media?parent=500688"}],"wp:term":[{"taxonomy":"category","embeddable":true,"href":"http:\/\/desarrollo.grupomedios.com\/futbol\/wp-json\/wp\/v2\/categories?post=500688"},{"taxonomy":"post_tag","embeddable":true,"href":"http:\/\/desarrollo.grupomedios.com\/futbol\/wp-json\/wp\/v2\/tags?post=500688"}],"curies":[{"name":"wp","href":"https:\/\/api.w.org\/{rel}","templated":true}]}}