{"id":500714,"date":"2017-09-18T19:10:06","date_gmt":"2017-09-19T00:10:06","guid":{"rendered":"https:\/\/www.futboltotal.com.mx\/?p=500714"},"modified":"2017-09-19T00:19:17","modified_gmt":"2017-09-19T05:19:17","slug":"monterrey-vs-leones-negros-octavos-final-copa-mx","status":"publish","type":"post","link":"http:\/\/desarrollo.grupomedios.com\/futbol\/futbol-mexicano\/monterrey-vs-leones-negros-octavos-final-copa-mx\/2017\/09","title":{"rendered":"Monterrey vs Leones Negros | Octavos de Final Copa MX"},"content":{"rendered":"<p><strong>Monterrey vs Leones Negros<\/strong> jugar\u00e1n el partido de <strong>Octavos de Final de la Copa MX<\/strong> en la cancha del estadio BBVA Bancomer este martes 19 de septiembre a las 19 hrs.<\/p>\n<p><em>Rayados<\/em> termin\u00f3 la fase regular como tercero en la Tabla General, no sabe lo que es perder y gan\u00f3 sus dos compromisos en casa. Leones Negros se meti\u00f3 en la \u00faltima jornada, pero llegar\u00e1 motivado, ya que acaban de conseguir su primera victoria en el ASCENSO Bancomer MX.<\/p>\n<p>Los pupilos de Jorge D\u00e1valos buscar\u00e1n dar la sorpresa mientras que los dirigidos por Antonio Mohamed querr\u00e1n confirmar que son firmes candidatos al t\u00edtulo.<\/p>\n<p>Monterrey quieren seguir demostrando su poder\u00edo, pues en Copa MX ni Liga MX han podido ser derrotados. \u00bfPodr\u00e1n los Leones Negros terminar con esta rachar?<\/p>\n","protected":false},"excerpt":{"rendered":"<p>Los Rayados quieren mantener el paso en la Copa.<\/p>\n","protected":false},"author":20,"featured_media":480834,"comment_status":"closed","ping_status":"closed","sticky":false,"template":"","format":"standard","meta":[],"categories":[4247,2198],"tags":[285,537,5966,497,10255],"_links":{"self":[{"href":"http:\/\/desarrollo.grupomedios.com\/futbol\/wp-json\/wp\/v2\/posts\/500714"}],"collection":[{"href":"http:\/\/desarrollo.grupomedios.com\/futbol\/wp-json\/wp\/v2\/posts"}],"about":[{"href":"http:\/\/desarrollo.grupomedios.com\/futbol\/wp-json\/wp\/v2\/types\/post"}],"author":[{"embeddable":true,"href":"http:\/\/desarrollo.grupomedios.com\/futbol\/wp-json\/wp\/v2\/users\/20"}],"replies":[{"embeddable":true,"href":"http:\/\/desarrollo.grupomedios.com\/futbol\/wp-json\/wp\/v2\/comments?post=500714"}],"version-history":[{"count":1,"href":"http:\/\/desarrollo.grupomedios.com\/futbol\/wp-json\/wp\/v2\/posts\/500714\/revisions"}],"predecessor-version":[{"id":500715,"href":"http:\/\/desarrollo.grupomedios.com\/futbol\/wp-json\/wp\/v2\/posts\/500714\/revisions\/500715"}],"wp:featuredmedia":[{"embeddable":true,"href":"http:\/\/desarrollo.grupomedios.com\/futbol\/wp-json\/wp\/v2\/media\/480834"}],"wp:attachment":[{"href":"http:\/\/desarrollo.grupomedios.com\/futbol\/wp-json\/wp\/v2\/media?parent=500714"}],"wp:term":[{"taxonomy":"category","embeddable":true,"href":"http:\/\/desarrollo.grupomedios.com\/futbol\/wp-json\/wp\/v2\/categories?post=500714"},{"taxonomy":"post_tag","embeddable":true,"href":"http:\/\/desarrollo.grupomedios.com\/futbol\/wp-json\/wp\/v2\/tags?post=500714"}],"curies":[{"name":"wp","href":"https:\/\/api.w.org\/{rel}","templated":true}]}}