{"id":500729,"date":"2017-09-19T09:02:47","date_gmt":"2017-09-19T14:02:47","guid":{"rendered":"https:\/\/www.futboltotal.com.mx\/?p=500729"},"modified":"2017-09-19T09:02:47","modified_gmt":"2017-09-19T14:02:47","slug":"lobos-buap-separa-a-julian-quinones-tiempo-indefinido","status":"publish","type":"post","link":"http:\/\/desarrollo.grupomedios.com\/futbol\/futbol-mexicano\/lobos-buap-separa-a-julian-quinones-tiempo-indefinido\/2017\/09","title":{"rendered":"Lobos BUAP separa a Juli\u00e1n Qui\u00f1ones por tiempo indefinido"},"content":{"rendered":"<p>El cuadro de <strong>Lobos BUAP<\/strong> inform\u00f3 que separ\u00f3 a su futbolista, <strong>Julian Qui\u00f1ones<\/strong> por tiempo indefinido.<\/p>\n<p>A trav\u00e9s de un comunicado en redes sociales, el cuadro poblano anunci\u00f3 que el delantero colombiano fue separado del plantel.<\/p>\n<p style=\"text-align: center;\"><span style=\"color: #333399;\"><a style=\"color: #333399;\" href=\"https:\/\/www.futboltotal.com.mx\/2017\/09\/santos-ya-al-sustituto-chepo-la-torre\/\" target=\"_blank\" rel=\"noopener noreferrer\">VER M\u00c1S: Santos ya tiene sustituto para Chepo de la Torre<\/a><\/span><\/p>\n<p><strong>&#8220;Ha sido separado del primer equipo por tiempo indefinido, al no cumplir a\u00fan con el perfil que exige la instituci\u00f3n&#8221;<\/strong>, se lee en el comunicado.<\/p>\n<p>Juli\u00e1n Andr\u00e9s Qui\u00f1ones tiene <strong>6 goles<\/strong> en el actual <strong>Apertura 2017<\/strong> con Lobos y se hab\u00eda convertido en el hombre gol del equipo.<\/p>\n<blockquote class=\"twitter-tweet\" data-lang=\"es\">\n<p dir=\"ltr\" lang=\"pt\">Comunicado Oficial de Prensa. <a href=\"https:\/\/t.co\/IPdfRjBkVZ\">pic.twitter.com\/IPdfRjBkVZ<\/a><\/p>\n<p>\u2014 Lobos Buap Oficial (@LobosBuapMX) <a href=\"https:\/\/twitter.com\/LobosBuapMX\/status\/909981010959446018\">19 de septiembre de 2017<\/a><\/p><\/blockquote>\n<p><script async src=\"\/\/platform.twitter.com\/widgets.js\" charset=\"utf-8\"><\/script><\/p>\n<p style=\"text-align: center;\"><span style=\"color: #333399;\"><a style=\"color: #333399;\" href=\"https:\/\/www.futboltotal.com.mx\/2017\/09\/barcelona-habria-ofrecido-millonada-antoine-griezmann\/\" target=\"_blank\" rel=\"noopener noreferrer\">VER M\u00c1S: Barcelona ofreci\u00f3 una millonada por Griezmann<\/a><\/span><\/p>\n","protected":false},"excerpt":{"rendered":"<p>El delantero colombiano lleva 6 goles en el torneo<\/p>\n","protected":false},"author":20,"featured_media":492669,"comment_status":"closed","ping_status":"closed","sticky":false,"template":"","format":"standard","meta":[],"categories":[2198,3845],"tags":[8357,9642,64,431],"_links":{"self":[{"href":"http:\/\/desarrollo.grupomedios.com\/futbol\/wp-json\/wp\/v2\/posts\/500729"}],"collection":[{"href":"http:\/\/desarrollo.grupomedios.com\/futbol\/wp-json\/wp\/v2\/posts"}],"about":[{"href":"http:\/\/desarrollo.grupomedios.com\/futbol\/wp-json\/wp\/v2\/types\/post"}],"author":[{"embeddable":true,"href":"http:\/\/desarrollo.grupomedios.com\/futbol\/wp-json\/wp\/v2\/users\/20"}],"replies":[{"embeddable":true,"href":"http:\/\/desarrollo.grupomedios.com\/futbol\/wp-json\/wp\/v2\/comments?post=500729"}],"version-history":[{"count":1,"href":"http:\/\/desarrollo.grupomedios.com\/futbol\/wp-json\/wp\/v2\/posts\/500729\/revisions"}],"predecessor-version":[{"id":500730,"href":"http:\/\/desarrollo.grupomedios.com\/futbol\/wp-json\/wp\/v2\/posts\/500729\/revisions\/500730"}],"wp:featuredmedia":[{"embeddable":true,"href":"http:\/\/desarrollo.grupomedios.com\/futbol\/wp-json\/wp\/v2\/media\/492669"}],"wp:attachment":[{"href":"http:\/\/desarrollo.grupomedios.com\/futbol\/wp-json\/wp\/v2\/media?parent=500729"}],"wp:term":[{"taxonomy":"category","embeddable":true,"href":"http:\/\/desarrollo.grupomedios.com\/futbol\/wp-json\/wp\/v2\/categories?post=500729"},{"taxonomy":"post_tag","embeddable":true,"href":"http:\/\/desarrollo.grupomedios.com\/futbol\/wp-json\/wp\/v2\/tags?post=500729"}],"curies":[{"name":"wp","href":"https:\/\/api.w.org\/{rel}","templated":true}]}}