{"id":500732,"date":"2017-09-19T09:27:30","date_gmt":"2017-09-19T14:27:30","guid":{"rendered":"https:\/\/www.futboltotal.com.mx\/?p=500732"},"modified":"2017-10-12T12:01:37","modified_gmt":"2017-10-12T17:01:37","slug":"pumas-queria-a-cecilio-dominguez-aviles-hurtado","status":"publish","type":"post","link":"http:\/\/desarrollo.grupomedios.com\/futbol\/futbol-mexicano\/pumas-queria-a-cecilio-dominguez-aviles-hurtado\/2017\/09","title":{"rendered":"Pumas quer\u00eda a Cecilio Dom\u00ednguez y Avil\u00e9s Hurtado"},"content":{"rendered":"<p>El presidente de <strong>Pumas<\/strong>,\u00a0<b>Rodrigo Ares de Parga<\/b>, confes\u00f3 que los actuales futbolistas de<strong>\u00a0Am\u00e9rica y Monterrey<\/strong> se encontraban en su agenda, pero prefiri\u00f3 prescindir de esos elementos para darle juego a la cantera.<\/p>\n<blockquote><p>&#8220;Quer\u00edamos traer a\u00a0<b>Cecilio Dom\u00ednguez, a Avil\u00e9s (Hurtado) y a (Nicol\u00e1s) Blandi<\/b>\u00a0(delantero argentino de San Lorenzo), pero entonces no \u00edbamos a producir jugadores&#8221;,\u00a0expres\u00f3 para <em>Fox Sports<\/em>.<\/p><\/blockquote>\n<p>Por otro lado estableci\u00f3 que el paso actual del equipo es vergonzoso, sin embargo expres\u00f3 que el equipo est\u00e1 en una reestruturaci\u00f3n.<\/p>\n<p style=\"text-align: center;\"><span style=\"color: #333399;\"><a style=\"color: #333399;\" href=\"https:\/\/www.futboltotal.com.mx\/2017\/09\/cuauhtemoc-pelaez-se-llaman-mentirosos-a-lo-mejor-estas-loco\/\" target=\"_blank\" rel=\"noopener noreferrer\">VER M\u00c1S: Cuauht\u00e9moc Blanco y Ricardo Pel\u00e1ez se encienden en televisi\u00f3n<\/a><\/span><\/p>\n<p>&#8220;Es una verg\u00fcenza que estemos en el fondo de la tabla\u00a0cuando el club tiene la obligaci\u00f3n de pelear Liguilla (&#8230;) La reestructuraci\u00f3n no debe impedirnos pelear, sabemos que se han tomado malas decisiones en la directiva. <strong>Me da mucha verg\u00fcenza, no duermo<\/strong> por el presente del equipo y no podemos estar as\u00ed&#8221;, coment\u00f3.<\/p>\n<p>Tambi\u00e9n habl\u00f3 de la actualidad del equipo con <strong>Sergio Egea<\/strong>, quien no quer\u00eda ser entrenador de Pumas cuando estuvo en la baraja de posibilidades<\/p>\n<p>&#8220;Sergio no particip\u00f3 cuando se habl\u00f3 de la continuidad de Palencia, no estaba convenido de su salida&#8230; Cuando Memo (V\u00e1zquez) renuncia ten\u00edamos tres opciones: <strong>Egea, Marioni y Palencia<\/strong>, y Egea me dijo que no quer\u00eda ser t\u00e9cnico&#8221;. Adem\u00e1s, al ser cuestionado sobre si buscar\u00e1n a <strong>Diego Alonso<\/strong>, contest\u00f3;\u00a0&#8220;En este momento no&#8221;.<\/p>\n<p style=\"text-align: center;\"><span style=\"color: #333399;\"><a style=\"color: #333399;\" href=\"https:\/\/www.futboltotal.com.mx\/2017\/09\/santos-ya-al-sustituto-chepo-la-torre\/\" target=\"_blank\" rel=\"noopener noreferrer\">VER M\u00c1S: Santos ya tiene al sustituto de Chepo de la Torre<\/a><\/span><\/p>\n","protected":false},"excerpt":{"rendered":"<p>El presidente de los universitarios realiz\u00f3 varias confesiones<\/p>\n","protected":false},"author":20,"featured_media":461132,"comment_status":"closed","ping_status":"closed","sticky":false,"template":"","format":"standard","meta":[],"categories":[2198,3845],"tags":[2069,7881,8589,74],"_links":{"self":[{"href":"http:\/\/desarrollo.grupomedios.com\/futbol\/wp-json\/wp\/v2\/posts\/500732"}],"collection":[{"href":"http:\/\/desarrollo.grupomedios.com\/futbol\/wp-json\/wp\/v2\/posts"}],"about":[{"href":"http:\/\/desarrollo.grupomedios.com\/futbol\/wp-json\/wp\/v2\/types\/post"}],"author":[{"embeddable":true,"href":"http:\/\/desarrollo.grupomedios.com\/futbol\/wp-json\/wp\/v2\/users\/20"}],"replies":[{"embeddable":true,"href":"http:\/\/desarrollo.grupomedios.com\/futbol\/wp-json\/wp\/v2\/comments?post=500732"}],"version-history":[{"count":1,"href":"http:\/\/desarrollo.grupomedios.com\/futbol\/wp-json\/wp\/v2\/posts\/500732\/revisions"}],"predecessor-version":[{"id":500734,"href":"http:\/\/desarrollo.grupomedios.com\/futbol\/wp-json\/wp\/v2\/posts\/500732\/revisions\/500734"}],"wp:featuredmedia":[{"embeddable":true,"href":"http:\/\/desarrollo.grupomedios.com\/futbol\/wp-json\/wp\/v2\/media\/461132"}],"wp:attachment":[{"href":"http:\/\/desarrollo.grupomedios.com\/futbol\/wp-json\/wp\/v2\/media?parent=500732"}],"wp:term":[{"taxonomy":"category","embeddable":true,"href":"http:\/\/desarrollo.grupomedios.com\/futbol\/wp-json\/wp\/v2\/categories?post=500732"},{"taxonomy":"post_tag","embeddable":true,"href":"http:\/\/desarrollo.grupomedios.com\/futbol\/wp-json\/wp\/v2\/tags?post=500732"}],"curies":[{"name":"wp","href":"https:\/\/api.w.org\/{rel}","templated":true}]}}