{"id":500749,"date":"2017-09-19T11:28:51","date_gmt":"2017-09-19T16:28:51","guid":{"rendered":"https:\/\/www.futboltotal.com.mx\/?p=500749"},"modified":"2017-09-19T11:28:51","modified_gmt":"2017-09-19T16:28:51","slug":"jugador-santos-ofrece-disculpas-a-fans-cruz-azul","status":"publish","type":"post","link":"http:\/\/desarrollo.grupomedios.com\/futbol\/futbol-mexicano\/jugador-santos-ofrece-disculpas-a-fans-cruz-azul\/2017\/09","title":{"rendered":"Jugador de Santos ofrece disculpas a fans de Cruz Azul"},"content":{"rendered":"<p>Luego de que los <span style=\"color: #3366ff;\"><a style=\"color: #3366ff;\" href=\"https:\/\/www.futboltotal.com.mx\/2017\/09\/jugadores-santos-insultaron-a-fans-cruz-azul\/\" target=\"_blank\" rel=\"noopener noreferrer\">jugadores de Santos Laguna fueran captados haciendo se\u00f1as obscenas a los aficionados de Cruz Azul<\/a><\/span>, el delantero de los laguneros, Jonathan Rodr\u00edguez, ha ofrecido disculpas.<\/p>\n<p>El delantero uruguayo, junto a Osvaldo Mart\u00ednez, fue captado cuando iban rumbo a la salida del estadio Azul.<\/p>\n<p style=\"text-align: center;\"><span style=\"color: #3366ff;\"><a style=\"color: #3366ff;\" href=\"https:\/\/www.futboltotal.com.mx\/2017\/09\/paco-jemez-descarta-salir-cruz-azul\/\">VER M\u00c1S: Paco J\u00e9mez no descarta salir de Cruz Azul<\/a><\/span><\/p>\n<p><iframe loading=\"lazy\" src=\"https:\/\/www.youtube.com\/embed\/49GXXdwDOQk?feature=oembed\" frameborder=\"0\" allowfullscreen><\/iframe><\/p>\n<p>A trav\u00e9s de su cuenta de Twitter, Rodr\u00edguez se dijo apenado por sus hechos y pidi\u00f3 disculpas a la afici\u00f3n cementera.<\/p>\n<blockquote class=\"twitter-tweet\" data-width=\"500\">\n<p lang=\"und\" dir=\"ltr\"><a href=\"https:\/\/t.co\/XXt3eKNQ5W\">pic.twitter.com\/XXt3eKNQ5W<\/a><\/p>\n<p>&mdash; Jona Rodriguez (@jona2118) <a href=\"https:\/\/twitter.com\/jona2118\/status\/909951948878626817\">September 19, 2017<\/a><\/p><\/blockquote>\n<p><script async src=\"\/\/platform.twitter.com\/widgets.js\" charset=\"utf-8\"><\/script><\/p>\n<p>Adem\u00e1s, la Liga MX detall\u00f3 hace unas hora que se ha abierto una investigaci\u00f3n para Jonathan Rodr\u00edguez luego de su pol\u00e9mica reacci\u00f3n contra la afici\u00f3n rival.<\/p>\n<blockquote class=\"twitter-tweet\" data-width=\"500\">\n<p lang=\"es\" dir=\"ltr\">La Comisi\u00f3n Disciplinaria Abri\u00f3 Investigaci\u00f3n Contra Jonathan Rodr\u00edguez | <a href=\"https:\/\/t.co\/W9sby4E4pT\">https:\/\/t.co\/W9sby4E4pT<\/a> <a href=\"https:\/\/t.co\/wtgQEkjKVG\">pic.twitter.com\/wtgQEkjKVG<\/a><\/p>\n<p>&mdash; LIGA Bancomer MX (@LIGABancomerMX) <a href=\"https:\/\/twitter.com\/LIGABancomerMX\/status\/909929658304618497\">September 18, 2017<\/a><\/p><\/blockquote>\n<p><script async src=\"\/\/platform.twitter.com\/widgets.js\" charset=\"utf-8\"><\/script><\/p>\n","protected":false},"excerpt":{"rendered":"<p>El jugador se disculp\u00f3 en Twitter.<\/p>\n","protected":false},"author":20,"featured_media":500750,"comment_status":"closed","ping_status":"closed","sticky":false,"template":"","format":"standard","meta":[],"categories":[2198,3845],"tags":[10258,5972],"_links":{"self":[{"href":"http:\/\/desarrollo.grupomedios.com\/futbol\/wp-json\/wp\/v2\/posts\/500749"}],"collection":[{"href":"http:\/\/desarrollo.grupomedios.com\/futbol\/wp-json\/wp\/v2\/posts"}],"about":[{"href":"http:\/\/desarrollo.grupomedios.com\/futbol\/wp-json\/wp\/v2\/types\/post"}],"author":[{"embeddable":true,"href":"http:\/\/desarrollo.grupomedios.com\/futbol\/wp-json\/wp\/v2\/users\/20"}],"replies":[{"embeddable":true,"href":"http:\/\/desarrollo.grupomedios.com\/futbol\/wp-json\/wp\/v2\/comments?post=500749"}],"version-history":[{"count":1,"href":"http:\/\/desarrollo.grupomedios.com\/futbol\/wp-json\/wp\/v2\/posts\/500749\/revisions"}],"predecessor-version":[{"id":500751,"href":"http:\/\/desarrollo.grupomedios.com\/futbol\/wp-json\/wp\/v2\/posts\/500749\/revisions\/500751"}],"wp:featuredmedia":[{"embeddable":true,"href":"http:\/\/desarrollo.grupomedios.com\/futbol\/wp-json\/wp\/v2\/media\/500750"}],"wp:attachment":[{"href":"http:\/\/desarrollo.grupomedios.com\/futbol\/wp-json\/wp\/v2\/media?parent=500749"}],"wp:term":[{"taxonomy":"category","embeddable":true,"href":"http:\/\/desarrollo.grupomedios.com\/futbol\/wp-json\/wp\/v2\/categories?post=500749"},{"taxonomy":"post_tag","embeddable":true,"href":"http:\/\/desarrollo.grupomedios.com\/futbol\/wp-json\/wp\/v2\/tags?post=500749"}],"curies":[{"name":"wp","href":"https:\/\/api.w.org\/{rel}","templated":true}]}}