{"id":500759,"date":"2017-09-19T12:15:40","date_gmt":"2017-09-19T17:15:40","guid":{"rendered":"https:\/\/www.futboltotal.com.mx\/?p=500759"},"modified":"2017-09-19T12:15:40","modified_gmt":"2017-09-19T17:15:40","slug":"los-nominados-al-mejor-futbolista-europeo-menor-21-anos","status":"publish","type":"post","link":"http:\/\/desarrollo.grupomedios.com\/futbol\/futbol-internacional\/los-nominados-al-mejor-futbolista-europeo-menor-21-anos\/2017\/09","title":{"rendered":"Los nominados al mejor futbolista europeo menor de 21 a\u00f1os"},"content":{"rendered":"<p>El peri\u00f3dico italiano\u00a0<em>Tuttosport,\u00a0<\/em>es el encargado de realizar la lista de 25 candidatos que compiten por el galard\u00f3n del Golden Boy, que se le entrega\u00a0al mejor futbolista del f\u00fatbol europeo menor de 21 a\u00f1os..<\/p>\n<p>Los principales nombres que surgen este a\u00f1o son; <strong>Marcus Rashford<\/strong>, del Manchester United,\u00a0<strong>Kylian Mbappe<\/strong>, atacante del\u00a0Paris Saint-Germain y\u00a0<strong>Ousmane Demb\u00e9l\u00e9<\/strong>, hoy jugador del Barcelona.<\/p>\n<p style=\"text-align: center;\"><span style=\"color: #333399;\"><a style=\"color: #333399;\" href=\"https:\/\/www.futboltotal.com.mx\/2017\/09\/pumas-queria-a-cecilio-dominguez-aviles-hurtado\/\" target=\"_blank\" rel=\"noopener noreferrer\">VER M\u00c1S: Pumas quer\u00eda a Cecilio Dom\u00ednguez y Avil\u00e9s Hurtado<\/a><\/span><\/p>\n<p>El a\u00f1o anterior, el galard\u00f3n se lo llev\u00f3 el portugu\u00e9s, <strong>Renato Sanches<\/strong>, que hoy milita en el Swansea de la Premier League.<\/p>\n<p>Estos nombres son de la lista completa de este a\u00f1o:<\/p>\n<p>&nbsp;<\/p>\n<ul>\n<li>&#8211; Gianluigi Donnarumma (18 a\u00f1os\/AC Milan\/ITA)<\/li>\n<li>&#8211; Alban Lafont (18 a\u00f1os\/Toulouse\/FRA)<\/li>\n<li>&#8211; Adrian Marin (20 a\u00f1os\/Villarreal, Legan\u00e9s\/ESP)<\/li>\n<li>&#8211; Pol Lirola (20 a\u00f1os\/Sassuolo\/ITA)<\/li>\n<li>&#8211; Malang Sarr (18 a\u00f1os\/OGC Nice\/FRA)<\/li>\n<li>&#8211; Matthijs de Ligt (18 a\u00f1os\/Ajax Amsterdam\/HOL)<\/li>\n<li>&#8211; Dayot Upamecano (18 aa\u00f1os\/Salzbourg, RB Leipzig\/FRA)<\/li>\n<li>&#8211; Theo Hernandez (19 a\u00f1os\/Atl\u00e9tico Madrid, Alav\u00e9s, Real Madrid\/FRA)<\/li>\n<li>&#8211; Amadou Diawara (20 a\u00f1os\/Naples\/ITA)<\/li>\n<li>&#8211; Federico Chiesa (19 a\u00f1os\/Fiorentina\/ITA)<\/li>\n<li>&#8211; Youri Tielemans (20 a\u00f1os\/RSC Anderlecht, AS Monaco\/BEL)<\/li>\n<li>&#8211; Benjamin Henrichs (20 a\u00f1os\/Bayer Leverkusen\/ALE)<\/li>\n<li>&#8211; Ruben Neves (20 a\u00f1os\/FC Porto\/POR)<\/li>\n<li>&#8211; Kai Havertz (18 a\u00f1os\/Bayer Leverkusen)<\/li>\n<li>&#8211; Mikel Oyarzabal (20 a\u00f1os\/Real Sociedad\/ESP)<\/li>\n<li>&#8211; Javier Ontiveros (21 a\u00f1os\/Malaga\/ESP)<\/li>\n<li>&#8211; Tom Davies (19 a\u00f1os\/Everton\/ING)<\/li>\n<li>&#8211; Nicolo Barella (20 a\u00f1os\/Cagliari\/ITA)<\/li>\n<li>&#8211; Marcus Rashford (19 a\u00f1os\/Manchester United\/ING)<\/li>\n<li>&#8211; Kasper Dolberg (19 a\u00f1os\/Ajax Amsterdam\/DIN)<\/li>\n<li>&#8211; Ousmane Demb\u00e9l\u00e9 (20 a\u00f1os\/Borussia Dortmund, FC Barcelone\/FRA)<\/li>\n<li>&#8211; Christian Pulisic (19 a\u00f1os\/Borussia Dortmund\/USA)<\/li>\n<li>&#8211; Gabriel Jesus (20 a\u00f1os\/Manchester City\/BRA)<\/li>\n<li>&#8211; Kylian Mbapp\u00e9 (18 a\u00f1os\/AS Monaco, Paris SG\/FRA)<\/li>\n<\/ul>\n<p style=\"text-align: center;\"><span style=\"color: #333399;\"><a style=\"color: #333399;\" href=\"https:\/\/www.futboltotal.com.mx\/2017\/09\/cavani-neymar-casi-llegaron-a-los-golpes\/\" target=\"_blank\" rel=\"noopener noreferrer\">VER M\u00c1S: La pelea entre Cavani y Neymar por un penal<\/a><\/span><\/p>\n","protected":false},"excerpt":{"rendered":"<p>Son 24 candidatos para llevarse el galard\u00f3n<\/p>\n","protected":false},"author":20,"featured_media":484829,"comment_status":"closed","ping_status":"closed","sticky":false,"template":"","format":"standard","meta":[],"categories":[3839],"tags":[8041,7602,8525,8474,6915],"_links":{"self":[{"href":"http:\/\/desarrollo.grupomedios.com\/futbol\/wp-json\/wp\/v2\/posts\/500759"}],"collection":[{"href":"http:\/\/desarrollo.grupomedios.com\/futbol\/wp-json\/wp\/v2\/posts"}],"about":[{"href":"http:\/\/desarrollo.grupomedios.com\/futbol\/wp-json\/wp\/v2\/types\/post"}],"author":[{"embeddable":true,"href":"http:\/\/desarrollo.grupomedios.com\/futbol\/wp-json\/wp\/v2\/users\/20"}],"replies":[{"embeddable":true,"href":"http:\/\/desarrollo.grupomedios.com\/futbol\/wp-json\/wp\/v2\/comments?post=500759"}],"version-history":[{"count":1,"href":"http:\/\/desarrollo.grupomedios.com\/futbol\/wp-json\/wp\/v2\/posts\/500759\/revisions"}],"predecessor-version":[{"id":500762,"href":"http:\/\/desarrollo.grupomedios.com\/futbol\/wp-json\/wp\/v2\/posts\/500759\/revisions\/500762"}],"wp:featuredmedia":[{"embeddable":true,"href":"http:\/\/desarrollo.grupomedios.com\/futbol\/wp-json\/wp\/v2\/media\/484829"}],"wp:attachment":[{"href":"http:\/\/desarrollo.grupomedios.com\/futbol\/wp-json\/wp\/v2\/media?parent=500759"}],"wp:term":[{"taxonomy":"category","embeddable":true,"href":"http:\/\/desarrollo.grupomedios.com\/futbol\/wp-json\/wp\/v2\/categories?post=500759"},{"taxonomy":"post_tag","embeddable":true,"href":"http:\/\/desarrollo.grupomedios.com\/futbol\/wp-json\/wp\/v2\/tags?post=500759"}],"curies":[{"name":"wp","href":"https:\/\/api.w.org\/{rel}","templated":true}]}}