{"id":500785,"date":"2017-09-19T19:30:12","date_gmt":"2017-09-20T00:30:12","guid":{"rendered":"https:\/\/www.futboltotal.com.mx\/?p=500785"},"modified":"2017-09-19T19:30:12","modified_gmt":"2017-09-20T00:30:12","slug":"estadio-morelos-sin-afectaciones-tras-sismo","status":"publish","type":"post","link":"http:\/\/desarrollo.grupomedios.com\/futbol\/futbol-mexicano\/estadio-morelos-sin-afectaciones-tras-sismo\/2017\/09","title":{"rendered":"Estadio Morelos, sin afectaciones tras sismo"},"content":{"rendered":"<p>El club\u00a0<strong>Monarcas Morelia<\/strong> indic\u00f3 que representantes de<strong>\u00a0Protecci\u00f3n Civil Estatal<\/strong>, Municipal, as\u00ed como de la Secretar\u00eda de <strong>Obras P\u00fablicas del Estado de Michoac\u00e1n<\/strong>, realizaron las inspecciones pertinentes tras el sismo ocurrido.<\/p>\n<p>Se descart\u00f3 cualquier tipo de afectaci\u00f3n, luego de realizar las revisiones exhaustivas.<\/p>\n<p style=\"text-align: center;\"><span style=\"color: #333399;\"><a style=\"color: #333399;\" href=\"https:\/\/www.futboltotal.com.mx\/2017\/09\/duelos-octavos-copa-mx-suspendidos-tras-sismo\/\" target=\"_blank\" rel=\"noopener noreferrer\">VER M\u00c1S: Octavos de Copa MX, suspendidos tras sismos<\/a><\/span><\/p>\n<blockquote><p>&#8220;Como parte de los protocolos de seguridad que tenemos en el Estadio Morelos as\u00ed como de la Liga MX, se realiz\u00f3 la revisi\u00f3n del inmueble para verificar que no hab\u00eda da\u00f1os estructurales. Afortunadamente nuestro estadio se encuentra en perfectas condiciones despu\u00e9s del sismo&#8221;, indic\u00f3 Lenin P\u00e9rez \u00c1valos, Director de Operaciones de Monarcas Morelia.<\/p><\/blockquote>\n<p>Se revisaron vestuarios, butacas, parte interior y exterior del estadio y\u00a0zona de palcos y plateas.<\/p>\n<blockquote class=\"twitter-tweet\" data-lang=\"es\">\n<p dir=\"ltr\" lang=\"es\">Despu\u00e9s de una revisi\u00f3n exhaustiva de <a href=\"https:\/\/twitter.com\/pcmichoacan\">@pcmichoacan<\/a> y <a href=\"https:\/\/twitter.com\/SCOPMICH\">@SCOPMICH<\/a>, el estadio Morelos se encuentra sin da\u00f1os.<a href=\"https:\/\/t.co\/OmmOUgQLj7\">https:\/\/t.co\/OmmOUgQLj7<\/a> <a href=\"https:\/\/t.co\/8DQeufBJZn\">pic.twitter.com\/8DQeufBJZn<\/a><\/p>\n<p>\u2014 Monarcas Morelia (@FuerzaMonarca) <a href=\"https:\/\/twitter.com\/FuerzaMonarca\/status\/910276266997186560\">19 de septiembre de 2017<\/a><\/p><\/blockquote>\n<p><script async src=\"\/\/platform.twitter.com\/widgets.js\" charset=\"utf-8\"><\/script><\/p>\n<p style=\"text-align: center;\"><span style=\"color: #333399;\"><a style=\"color: #333399;\" href=\"https:\/\/www.futboltotal.com.mx\/2017\/09\/telefonos-emergencia-en-la-ciudad-mexico\/\" target=\"_blank\" rel=\"noopener noreferrer\">VER M\u00c1S: Tel\u00e9fonos de emergencia en Ciudad de M\u00e9xico<\/a><\/span><\/p>\n","protected":false},"excerpt":{"rendered":"<p>El estadio est\u00e1 en buenas condiciones de acuerdo a Protecci\u00f3n Civil<\/p>\n","protected":false},"author":20,"featured_media":500791,"comment_status":"closed","ping_status":"closed","sticky":false,"template":"","format":"standard","meta":[],"categories":[2198,3845],"tags":[1944,64,784,758],"_links":{"self":[{"href":"http:\/\/desarrollo.grupomedios.com\/futbol\/wp-json\/wp\/v2\/posts\/500785"}],"collection":[{"href":"http:\/\/desarrollo.grupomedios.com\/futbol\/wp-json\/wp\/v2\/posts"}],"about":[{"href":"http:\/\/desarrollo.grupomedios.com\/futbol\/wp-json\/wp\/v2\/types\/post"}],"author":[{"embeddable":true,"href":"http:\/\/desarrollo.grupomedios.com\/futbol\/wp-json\/wp\/v2\/users\/20"}],"replies":[{"embeddable":true,"href":"http:\/\/desarrollo.grupomedios.com\/futbol\/wp-json\/wp\/v2\/comments?post=500785"}],"version-history":[{"count":1,"href":"http:\/\/desarrollo.grupomedios.com\/futbol\/wp-json\/wp\/v2\/posts\/500785\/revisions"}],"predecessor-version":[{"id":500792,"href":"http:\/\/desarrollo.grupomedios.com\/futbol\/wp-json\/wp\/v2\/posts\/500785\/revisions\/500792"}],"wp:featuredmedia":[{"embeddable":true,"href":"http:\/\/desarrollo.grupomedios.com\/futbol\/wp-json\/wp\/v2\/media\/500791"}],"wp:attachment":[{"href":"http:\/\/desarrollo.grupomedios.com\/futbol\/wp-json\/wp\/v2\/media?parent=500785"}],"wp:term":[{"taxonomy":"category","embeddable":true,"href":"http:\/\/desarrollo.grupomedios.com\/futbol\/wp-json\/wp\/v2\/categories?post=500785"},{"taxonomy":"post_tag","embeddable":true,"href":"http:\/\/desarrollo.grupomedios.com\/futbol\/wp-json\/wp\/v2\/tags?post=500785"}],"curies":[{"name":"wp","href":"https:\/\/api.w.org\/{rel}","templated":true}]}}