{"id":500789,"date":"2017-09-20T12:00:13","date_gmt":"2017-09-20T17:00:13","guid":{"rendered":"https:\/\/www.futboltotal.com.mx\/?p=500789"},"modified":"2017-09-21T09:54:00","modified_gmt":"2017-09-21T14:54:00","slug":"lista-personas-se-encuentran-en-hospitales-la-cdmx","status":"publish","type":"post","link":"http:\/\/desarrollo.grupomedios.com\/futbol\/destacado-home\/lista-personas-se-encuentran-en-hospitales-la-cdmx\/2017\/09","title":{"rendered":"Lista de personas que se encuentran en hospitales de la CDMX"},"content":{"rendered":"<p><strong>Locatel\u00a0<\/strong>ha dado una actualizaci\u00f3n sobre las personas que se encuentran en los hospitales de la Ciudad de M\u00e9xico.<\/p>\n<p>Hospitales como el Magdalena de las Salinas, Hospital L\u00f3pez Mateos, Xoco, Rub\u00e9n Le\u00f1ero, Belisario Dom\u00ednguez, Balbuena, Centro M\u00e9dico Santa F\u00e9, Hospital San \u00c1ngel Inn Universidad,\u00a0Hospital San \u00c1ngel Inn Chapultepec, Enrique Cabrera, Pedi\u00e1trico de Iztapalapa, Cruz Roja de Polanco, Hospital ABC de Observatorio.<\/p>\n<p>Adem\u00e1s, se encuentran\u00a0el Hospital Privado \u00c1lvaro Obreg\u00f3n, Hospital Trinidad, Hospital de Traumatolog\u00eda, Hospital General Ticom\u00e1n, Hospital La Villa, Hospital Pedi\u00e1trico San Juan de Arag\u00f3n, Hospital General de Tlahuac, Hospital Pedi\u00e1trico de Peralvillo y Cl\u00ednica 29 de IMSS.<\/p>\n<p><a href=\"http:\/\/locatel.cdmx.gob.mx\/images\/sismo0700.pdf\"><strong>Consulta esta informaci\u00f3n <span style=\"color: #333399;\">AQU\u00cd.<\/span><\/strong><\/a><\/p>\n<p>&nbsp;<\/p>\n","protected":false},"excerpt":{"rendered":"<p>Lista de personas que se encuentran en hospitales de la CDMX<\/p>\n","protected":false},"author":20,"featured_media":500830,"comment_status":"closed","ping_status":"closed","sticky":false,"template":"","format":"standard","meta":[],"categories":[5],"tags":[7151,10264,758],"_links":{"self":[{"href":"http:\/\/desarrollo.grupomedios.com\/futbol\/wp-json\/wp\/v2\/posts\/500789"}],"collection":[{"href":"http:\/\/desarrollo.grupomedios.com\/futbol\/wp-json\/wp\/v2\/posts"}],"about":[{"href":"http:\/\/desarrollo.grupomedios.com\/futbol\/wp-json\/wp\/v2\/types\/post"}],"author":[{"embeddable":true,"href":"http:\/\/desarrollo.grupomedios.com\/futbol\/wp-json\/wp\/v2\/users\/20"}],"replies":[{"embeddable":true,"href":"http:\/\/desarrollo.grupomedios.com\/futbol\/wp-json\/wp\/v2\/comments?post=500789"}],"version-history":[{"count":5,"href":"http:\/\/desarrollo.grupomedios.com\/futbol\/wp-json\/wp\/v2\/posts\/500789\/revisions"}],"predecessor-version":[{"id":500990,"href":"http:\/\/desarrollo.grupomedios.com\/futbol\/wp-json\/wp\/v2\/posts\/500789\/revisions\/500990"}],"wp:featuredmedia":[{"embeddable":true,"href":"http:\/\/desarrollo.grupomedios.com\/futbol\/wp-json\/wp\/v2\/media\/500830"}],"wp:attachment":[{"href":"http:\/\/desarrollo.grupomedios.com\/futbol\/wp-json\/wp\/v2\/media?parent=500789"}],"wp:term":[{"taxonomy":"category","embeddable":true,"href":"http:\/\/desarrollo.grupomedios.com\/futbol\/wp-json\/wp\/v2\/categories?post=500789"},{"taxonomy":"post_tag","embeddable":true,"href":"http:\/\/desarrollo.grupomedios.com\/futbol\/wp-json\/wp\/v2\/tags?post=500789"}],"curies":[{"name":"wp","href":"https:\/\/api.w.org\/{rel}","templated":true}]}}