{"id":500797,"date":"2017-09-19T19:53:30","date_gmt":"2017-09-20T00:53:30","guid":{"rendered":"https:\/\/www.futboltotal.com.mx\/?p=500797"},"modified":"2017-09-19T19:53:30","modified_gmt":"2017-09-20T00:53:30","slug":"sismo-estadio-leon-se-convierte-en-centro-acopio","status":"publish","type":"post","link":"http:\/\/desarrollo.grupomedios.com\/futbol\/futbol-mexicano\/sismo-estadio-leon-se-convierte-en-centro-acopio\/2017\/09","title":{"rendered":"Por sismo Estadio de Le\u00f3n se convierte en centro de acopio"},"content":{"rendered":"<p>El presidente del club<strong> Le\u00f3n<\/strong>, <strong>Jes\u00fas Mart\u00ednez Murgu\u00eda<\/strong>, indic\u00f3 que el Estadio de Le\u00f3n se abrir\u00e1 como centro de acopio, luego del sismo de <strong>7.1 grados<\/strong> en la escala de Richter que se vivi\u00f3 en M\u00e9xico<\/p>\n<p><strong>&#8220;Estamos ahorita en el estadio esperando poder ayudar!&#8221;<\/strong>, escribi\u00f3 el presidente de La Fiera a trav\u00e9s de su Twitter.<\/p>\n<p style=\"text-align: center;\"><span style=\"color: #333399;\"><a style=\"color: #333399;\" href=\"https:\/\/www.futboltotal.com.mx\/2017\/09\/duelos-octavos-copa-mx-suspendidos-tras-sismo\/\" target=\"_blank\" rel=\"noopener noreferrer\">VER M\u00c1S: Octavos de Final de Copa MX, suspendidos tras sismo<\/a><\/span><\/p>\n<p>El club Le\u00f3n, por su parte, hizo eco del mensaje a trav\u00e9s de su cuenta de Twitter, compartiendo una imagen de lo que se necesita.<\/p>\n<p>Aunque no se especifica horario en el que estar\u00e1 funcionando.<\/p>\n<blockquote class=\"twitter-tweet\" data-lang=\"es\">\n<p dir=\"ltr\" lang=\"es\">\u00a1Atenci\u00f3n!<br \/>\nA partir de este momento abrimos centro de acopio en el Estadio Le\u00f3n. Todos unidos en esta labor. <a href=\"https:\/\/twitter.com\/hashtag\/SerMexicanoEsUnOrgullo?src=hash\">#SerMexicanoEsUnOrgullo<\/a> &#x1f1f2;&#x1f1fd; <a href=\"https:\/\/t.co\/4WBqKsYcJb\">pic.twitter.com\/4WBqKsYcJb<\/a><\/p>\n<p>\u2014 Club Le\u00f3n (@clubleonfc) <a href=\"https:\/\/twitter.com\/clubleonfc\/status\/910295969169776640\">20 de septiembre de 2017<\/a><\/p><\/blockquote>\n<p><script async src=\"\/\/platform.twitter.com\/widgets.js\" charset=\"utf-8\"><\/script><\/p>\n<p style=\"text-align: center;\"><span style=\"color: #333399;\"><a style=\"color: #333399;\" href=\"https:\/\/www.futboltotal.com.mx\/2017\/09\/telefonos-emergencia-en-la-ciudad-mexico\/\" target=\"_blank\" rel=\"noopener noreferrer\">VER M\u00c1S: Los tel\u00e9fonos de emergencia en la Ciudad de M\u00e9xico<\/a><\/span><\/p>\n","protected":false},"excerpt":{"rendered":"<p>El club se uni\u00f3 a la causa luego del sismo que se vivi\u00f3<\/p>\n","protected":false},"author":20,"featured_media":497397,"comment_status":"closed","ping_status":"closed","sticky":false,"template":"","format":"standard","meta":[],"categories":[2198,3845],"tags":[10265,5965,64,758],"_links":{"self":[{"href":"http:\/\/desarrollo.grupomedios.com\/futbol\/wp-json\/wp\/v2\/posts\/500797"}],"collection":[{"href":"http:\/\/desarrollo.grupomedios.com\/futbol\/wp-json\/wp\/v2\/posts"}],"about":[{"href":"http:\/\/desarrollo.grupomedios.com\/futbol\/wp-json\/wp\/v2\/types\/post"}],"author":[{"embeddable":true,"href":"http:\/\/desarrollo.grupomedios.com\/futbol\/wp-json\/wp\/v2\/users\/20"}],"replies":[{"embeddable":true,"href":"http:\/\/desarrollo.grupomedios.com\/futbol\/wp-json\/wp\/v2\/comments?post=500797"}],"version-history":[{"count":1,"href":"http:\/\/desarrollo.grupomedios.com\/futbol\/wp-json\/wp\/v2\/posts\/500797\/revisions"}],"predecessor-version":[{"id":500799,"href":"http:\/\/desarrollo.grupomedios.com\/futbol\/wp-json\/wp\/v2\/posts\/500797\/revisions\/500799"}],"wp:featuredmedia":[{"embeddable":true,"href":"http:\/\/desarrollo.grupomedios.com\/futbol\/wp-json\/wp\/v2\/media\/497397"}],"wp:attachment":[{"href":"http:\/\/desarrollo.grupomedios.com\/futbol\/wp-json\/wp\/v2\/media?parent=500797"}],"wp:term":[{"taxonomy":"category","embeddable":true,"href":"http:\/\/desarrollo.grupomedios.com\/futbol\/wp-json\/wp\/v2\/categories?post=500797"},{"taxonomy":"post_tag","embeddable":true,"href":"http:\/\/desarrollo.grupomedios.com\/futbol\/wp-json\/wp\/v2\/tags?post=500797"}],"curies":[{"name":"wp","href":"https:\/\/api.w.org\/{rel}","templated":true}]}}