{"id":500816,"date":"2017-09-19T15:00:22","date_gmt":"2017-09-19T20:00:22","guid":{"rendered":"https:\/\/www.futboltotal.com.mx\/?p=500816"},"modified":"2017-10-12T12:01:17","modified_gmt":"2017-10-12T17:01:17","slug":"dt-pumas-relata-vivieron-terremoto","status":"publish","type":"post","link":"http:\/\/desarrollo.grupomedios.com\/futbol\/destacado-home\/dt-pumas-relata-vivieron-terremoto\/2017\/09","title":{"rendered":"DT de Pumas relata c\u00f3mo vivieron el terremoto"},"content":{"rendered":"<p>El entrenador de <strong>Pumas<\/strong>,\u00a0<strong>Sergio Egea<\/strong>, dio vivo relato de c\u00f3mo se vivi\u00f3 el terremoto de este martes, cuando dirig\u00eda el entrenamiento de los felinos en la cantera, donde se sinti\u00f3 con fuerza y provoc\u00f3 el caos.<\/p>\n<p>&#8220;Estamos preocupados, ven\u00edamos de \u00a0entrenar, fue un movimiento muy fuerte. Estamos en el sur de la\u00a0<strong>Ciudad de \u00a0M\u00e9xico\u00a0<\/strong>y nos asustamos much\u00edsimo. La ciudad deportiva del\u00a0<strong>Pumas\u00a0<\/strong>est\u00e1 en una cantera, donde tenemos paredes de <strong>piedra volc\u00e1nica que se empez\u00f3 a caer<\/strong>, nunca lo hab\u00eda vivido. Todos a la cancha, la gente con<strong> ataques de nervios<\/strong>. La gente tuvo mucho<strong> miedo<\/strong>, el tr\u00e1fico es un caos, es algo muy malo para la sociedad&#8221;, indic\u00f3 el estratega para el programa <em>El Larguero<\/em>.<\/p>\n<p style=\"text-align: center;\"><span style=\"color: #333399;\"><a style=\"color: #333399;\" href=\"https:\/\/www.futboltotal.com.mx\/2017\/09\/telefonos-emergencia-en-la-ciudad-mexico\/\" target=\"_blank\" rel=\"noopener noreferrer\">VER M\u00c1S: Tel\u00e9fonos de emergencia en la Ciudad de M\u00e9xico<\/a><\/span><\/p>\n<p>Por otro lado, Egea record\u00f3 lo que se vivi\u00f3 <strong>hace 32 a\u00f1os<\/strong> y confi\u00f3 e que la uni\u00f3n del pueblo mexicano volver\u00e1 a sacar todo adelante.<\/p>\n<p>&#8220;No lo puedes prevenir fue hace 32 a\u00f1os del terremoto del 85. La gente en trauma muy grande, pero hay que ayudar, el pueblo mexicano es muy unido ante esta circunstancia que toca \u00a0vivir&#8221;, puntualiz\u00f3.<\/p>\n<p>El duelo entre Pumas y <strong>Le\u00f3n<\/strong> que se llevar\u00eda a cabo el pr\u00f3ximo domingo podr\u00eda suspenderse si L<strong>a Liga MX<\/strong> as\u00ed lo determina.<\/p>\n<p style=\"text-align: center;\"><span style=\"color: #333399;\"><a style=\"color: #333399;\" href=\"https:\/\/www.futboltotal.com.mx\/2017\/09\/duelos-octavos-copa-mx-suspendidos-tras-sismo\/\" target=\"_blank\" rel=\"noopener noreferrer\">VER M\u00c1S: Duelos de Octavos de Copa MX, suspendidos tras sismo<\/a><\/span><\/p>\n<p>&nbsp;<\/p>\n","protected":false},"excerpt":{"rendered":"<p>Los universitarios vivieron de forma fuerte el sismo<\/p>\n","protected":false},"author":20,"featured_media":498856,"comment_status":"closed","ping_status":"closed","sticky":false,"template":"","format":"standard","meta":[],"categories":[5,2198,3845],"tags":[8357,64,74,2491,758,10153],"_links":{"self":[{"href":"http:\/\/desarrollo.grupomedios.com\/futbol\/wp-json\/wp\/v2\/posts\/500816"}],"collection":[{"href":"http:\/\/desarrollo.grupomedios.com\/futbol\/wp-json\/wp\/v2\/posts"}],"about":[{"href":"http:\/\/desarrollo.grupomedios.com\/futbol\/wp-json\/wp\/v2\/types\/post"}],"author":[{"embeddable":true,"href":"http:\/\/desarrollo.grupomedios.com\/futbol\/wp-json\/wp\/v2\/users\/20"}],"replies":[{"embeddable":true,"href":"http:\/\/desarrollo.grupomedios.com\/futbol\/wp-json\/wp\/v2\/comments?post=500816"}],"version-history":[{"count":1,"href":"http:\/\/desarrollo.grupomedios.com\/futbol\/wp-json\/wp\/v2\/posts\/500816\/revisions"}],"predecessor-version":[{"id":500818,"href":"http:\/\/desarrollo.grupomedios.com\/futbol\/wp-json\/wp\/v2\/posts\/500816\/revisions\/500818"}],"wp:featuredmedia":[{"embeddable":true,"href":"http:\/\/desarrollo.grupomedios.com\/futbol\/wp-json\/wp\/v2\/media\/498856"}],"wp:attachment":[{"href":"http:\/\/desarrollo.grupomedios.com\/futbol\/wp-json\/wp\/v2\/media?parent=500816"}],"wp:term":[{"taxonomy":"category","embeddable":true,"href":"http:\/\/desarrollo.grupomedios.com\/futbol\/wp-json\/wp\/v2\/categories?post=500816"},{"taxonomy":"post_tag","embeddable":true,"href":"http:\/\/desarrollo.grupomedios.com\/futbol\/wp-json\/wp\/v2\/tags?post=500816"}],"curies":[{"name":"wp","href":"https:\/\/api.w.org\/{rel}","templated":true}]}}