{"id":500817,"date":"2017-09-20T09:24:47","date_gmt":"2017-09-20T14:24:47","guid":{"rendered":"https:\/\/www.futboltotal.com.mx\/?p=500817"},"modified":"2017-09-20T13:39:27","modified_gmt":"2017-09-20T18:39:27","slug":"cristiano-neymar-chicharito-deporte-mundial-dicen-fuerzamexico","status":"publish","type":"post","link":"http:\/\/desarrollo.grupomedios.com\/futbol\/futbol-internacional\/cristiano-neymar-chicharito-deporte-mundial-dicen-fuerzamexico\/2017\/09","title":{"rendered":"Cristiano, Neymar, Chicharito y el deporte mundial dicen #FuerzaM\u00e9xico"},"content":{"rendered":"<p>El mundo del deporte se ha unido en apoyo al tr\u00e1gico <strong>sismo<\/strong> que ha sacudido a <strong>M\u00e9xico<\/strong>, y tanto personajes mexicanos como otros tantos a nivel internacional han manifestado su apoyo a todo el pa\u00eds por medio de redes sociales luego del terremoto de <strong>7.1 grados<\/strong> sucedido el martes 19 de septiembre.<\/p>\n<p>Ya sea con los hashtag <strong>#FuerzaM\u00e9xico<\/strong> o <strong>#PrayForMexico<\/strong>, las personalidades han levantado la voz como muestras de solidaridad con el pueblo mexicano.<\/p>\n<p>&nbsp;<\/p>\n<blockquote class=\"twitter-tweet\" data-lang=\"es\">\n<p dir=\"ltr\" lang=\"es\">Conmocionado por lo que est\u00e1 pasando en mi &#x1f1f2;&#x1f1fd;! Tenemos que unirnos para ayudar como sea posible! Mucha fuerza para todos! <a href=\"https:\/\/twitter.com\/hashtag\/FuerzaM%C3%A9xico?src=hash\">#FuerzaM\u00e9xico<\/a> &#x1f64f;&#x1f3fd;&#x1f614;<\/p>\n<p>\u2014 Chicharito Hernandez (@CH14_) <a href=\"https:\/\/twitter.com\/CH14_\/status\/910258412482699266\">19 de septiembre de 2017<\/a><\/p><\/blockquote>\n<p><script async src=\"\/\/platform.twitter.com\/widgets.js\" charset=\"utf-8\"><\/script><\/p>\n<p>&nbsp;<\/p>\n<blockquote class=\"twitter-tweet\" data-lang=\"es\">\n<p dir=\"ltr\" lang=\"und\">&#x1f64f;&#x1f3fd; <a href=\"https:\/\/twitter.com\/hashtag\/prayformexico?src=hash\">#prayformexico<\/a>&#x1f1f2;&#x1f1fd; <a href=\"https:\/\/t.co\/hBtqBhm95V\">pic.twitter.com\/hBtqBhm95V<\/a><\/p>\n<p>\u2014 Neymar Jr (@neymarjr) <a href=\"https:\/\/twitter.com\/neymarjr\/status\/910487777329938432\">20 de septiembre de 2017<\/a><\/p><\/blockquote>\n<p><script async src=\"\/\/platform.twitter.com\/widgets.js\" charset=\"utf-8\"><\/script><\/p>\n<p>&nbsp;<\/p>\n<blockquote class=\"twitter-tweet\" data-lang=\"es\">\n<p dir=\"ltr\" lang=\"es\">Sentimos con dolor vuestra tragedia. <a href=\"https:\/\/twitter.com\/hashtag\/FuerzaM%C3%A9xico?src=hash\">#FuerzaM\u00e9xico<\/a> &#x1f1f2;&#x1f1fd;<\/p>\n<p>\u2014 Sergio Ramos (@SergioRamos) <a href=\"https:\/\/twitter.com\/SergioRamos\/status\/910269886076682245\">19 de septiembre de 2017<\/a><\/p><\/blockquote>\n<p><script async src=\"\/\/platform.twitter.com\/widgets.js\" charset=\"utf-8\"><\/script><\/p>\n<p>&nbsp;<\/p>\n<blockquote class=\"twitter-tweet\" data-lang=\"es\">\n<p dir=\"ltr\" lang=\"es\">Un abrazo muy fuerte y solidario para Mexico <a href=\"https:\/\/t.co\/Jr9FBdEI95\">pic.twitter.com\/Jr9FBdEI95<\/a><\/p>\n<p>\u2014 Cristiano Ronaldo (@Cristiano) <a href=\"https:\/\/twitter.com\/Cristiano\/status\/910427024069681152\">20 de septiembre de 2017<\/a><\/p><\/blockquote>\n<p><script async src=\"\/\/platform.twitter.com\/widgets.js\" charset=\"utf-8\"><\/script><\/p>\n<p>&nbsp;<\/p>\n<blockquote class=\"twitter-tweet\" data-lang=\"es\">\n<p dir=\"ltr\" lang=\"und\"><a href=\"https:\/\/twitter.com\/hashtag\/FuerzaM%C3%A9xico?src=hash\">#FuerzaM\u00e9xico<\/a> &#x1f1f2;&#x1f1fd; <a href=\"https:\/\/t.co\/U0BM7IedLO\">pic.twitter.com\/U0BM7IedLO<\/a><\/p>\n<p>\u2014 Selecci\u00f3n Nacional (@miseleccionmx) <a href=\"https:\/\/twitter.com\/miseleccionmx\/status\/910218564208078848\">19 de septiembre de 2017<\/a><\/p><\/blockquote>\n<p><script async src=\"\/\/platform.twitter.com\/widgets.js\" charset=\"utf-8\"><\/script><\/p>\n<p>&nbsp;<\/p>\n<blockquote class=\"twitter-tweet\" data-lang=\"es\">\n<p dir=\"ltr\" lang=\"es\">Mi coraz\u00f3n hoy est\u00e1 con todos mis amigos de <a href=\"https:\/\/twitter.com\/hashtag\/M%C3%A9xico?src=hash\">#M\u00e9xico<\/a> <a href=\"https:\/\/twitter.com\/hashtag\/FuerzaMexico?src=hash\">#FuerzaMexico<\/a> <a href=\"https:\/\/twitter.com\/hashtag\/estamosjuntos?src=hash\">#estamosjuntos<\/a> <a href=\"https:\/\/twitter.com\/hashtag\/PrayForMexico?src=hash\">#PrayForMexico<\/a> &#x1f1f2;&#x1f1fd;\u2764\ufe0f <a href=\"https:\/\/t.co\/v2To7TKAbr\">pic.twitter.com\/v2To7TKAbr<\/a><\/p>\n<p>\u2014 Paulo Dybala (@PauDybala_JR) <a href=\"https:\/\/twitter.com\/PauDybala_JR\/status\/910417771414114309\">20 de septiembre de 2017<\/a><\/p><\/blockquote>\n<p><script async src=\"\/\/platform.twitter.com\/widgets.js\" charset=\"utf-8\"><\/script><\/p>\n<p>&nbsp;<\/p>\n<blockquote class=\"twitter-tweet\" data-lang=\"es\">\n<p dir=\"ltr\" lang=\"es\">Se guardar\u00e1 esta noche en el Santiago Bernab\u00e9u un minuto de silencio por las v\u00edctimas del terremoto de M\u00e9xico.<a href=\"https:\/\/twitter.com\/hashtag\/RealMadrid?src=hash\">#RealMadrid<\/a> <a href=\"https:\/\/t.co\/ca5h9zMB9G\">pic.twitter.com\/ca5h9zMB9G<\/a><\/p>\n<p>\u2014 Real Madrid C.F. (@realmadrid) <a href=\"https:\/\/twitter.com\/realmadrid\/status\/910492493145415680\">20 de septiembre de 2017<\/a><\/p><\/blockquote>\n<p><script async src=\"\/\/platform.twitter.com\/widgets.js\" charset=\"utf-8\"><\/script><\/p>\n<p>&nbsp;<\/p>\n<blockquote class=\"twitter-tweet\" data-lang=\"es\">\n<p dir=\"ltr\" lang=\"es\">Todas mis oraciones para mis hermanos mexicanos! Es momento de todos ayudar a los afectados!!! \u2764\ufe0f <a href=\"https:\/\/twitter.com\/hashtag\/FuerzaM%C3%A9xico?src=hash\">#FuerzaM\u00e9xico<\/a> <a href=\"https:\/\/t.co\/jhXNfj0Z8m\">pic.twitter.com\/jhXNfj0Z8m<\/a><\/p>\n<p>\u2014 Sergio P\u00e9rez (@SChecoPerez) <a href=\"https:\/\/twitter.com\/SChecoPerez\/status\/910255776777641984\">19 de septiembre de 2017<\/a><\/p><\/blockquote>\n<p><script async src=\"\/\/platform.twitter.com\/widgets.js\" charset=\"utf-8\"><\/script><\/p>\n<p>&nbsp;<\/p>\n<blockquote class=\"twitter-tweet\" data-lang=\"es\">\n<p dir=\"ltr\" lang=\"es\">.<a href=\"https:\/\/twitter.com\/CH14_\">@CH14_<\/a> me hizo entender lo especial que es M\u00e9xico. Mucha <a href=\"https:\/\/twitter.com\/hashtag\/FuerzaM%C3%A9xico?src=hash\">#FuerzaM\u00e9xico<\/a> &#x1f64f;&#x1f3fd;&#x1f614;&#x1f1f2;&#x1f1fd; <a href=\"https:\/\/t.co\/K5QUO3BjGS\">pic.twitter.com\/K5QUO3BjGS<\/a><\/p>\n<p>\u2014 David De Gea (@D_DeGea) <a href=\"https:\/\/twitter.com\/D_DeGea\/status\/910441745657233408\">20 de septiembre de 2017<\/a><\/p><\/blockquote>\n<p><script async src=\"\/\/platform.twitter.com\/widgets.js\" charset=\"utf-8\"><\/script><\/p>\n<p>&nbsp;<\/p>\n<blockquote class=\"twitter-tweet\" data-lang=\"es\">\n<p dir=\"ltr\" lang=\"und\"><a href=\"https:\/\/twitter.com\/hashtag\/FuerzaMexico?src=hash\">#FuerzaMexico<\/a> &#x1f1f2;&#x1f1fd;&#x1f4aa;&#x1f3fb; <a href=\"https:\/\/t.co\/CnTBCdfuSd\">pic.twitter.com\/CnTBCdfuSd<\/a><\/p>\n<p>\u2014 Hirving Lozano (@HirvingLozano70) <a href=\"https:\/\/twitter.com\/HirvingLozano70\/status\/910232974410489856\">19 de septiembre de 2017<\/a><\/p><\/blockquote>\n<p><script async src=\"\/\/platform.twitter.com\/widgets.js\" charset=\"utf-8\"><\/script><\/p>\n<p>&nbsp;<\/p>\n<blockquote class=\"twitter-tweet\" data-lang=\"es\">\n<p dir=\"ltr\" lang=\"es\">Impotente al ver las im\u00e1genes del terremoto en M\u00e9xico, pa\u00eds que tanto quiero! Un abrazo grande y fuerza!<\/p>\n<p>\u2014 Fernando Alonso (@alo_oficial) <a href=\"https:\/\/twitter.com\/alo_oficial\/status\/910245464838230016\">19 de septiembre de 2017<\/a><\/p><\/blockquote>\n<p><script async src=\"\/\/platform.twitter.com\/widgets.js\" charset=\"utf-8\"><\/script><\/p>\n<p>&nbsp;<\/p>\n<blockquote class=\"twitter-tweet\" data-lang=\"es\">\n<p dir=\"ltr\" lang=\"es\">Unidos en oraci\u00f3n por M\u00e9xico, hermanos esperamos que todos est\u00e9n bien. Nuestra solidaridad, apoyo y coraz\u00f3n est\u00e1n con ustedes.<\/p>\n<p>\u2014 Jonathan Dos Santos (@jona2santos) <a href=\"https:\/\/twitter.com\/jona2santos\/status\/910226427756400647\">19 de septiembre de 2017<\/a><\/p><\/blockquote>\n<p><script async src=\"\/\/platform.twitter.com\/widgets.js\" charset=\"utf-8\"><\/script><\/p>\n<p>&nbsp;<\/p>\n<blockquote class=\"twitter-tweet\" data-lang=\"es\">\n<p dir=\"ltr\" lang=\"und\">&#x1f64f;&#x1f3fc;&#x1f64f;&#x1f3fc;&#x1f64f;&#x1f3fc; <a href=\"https:\/\/t.co\/8CCv87jila\">pic.twitter.com\/8CCv87jila<\/a><\/p>\n<p>\u2014 carlos vela (@11carlosV) <a href=\"https:\/\/twitter.com\/11carlosV\/status\/910241672700850176\">19 de septiembre de 2017<\/a><\/p><\/blockquote>\n<p><script async src=\"\/\/platform.twitter.com\/widgets.js\" charset=\"utf-8\"><\/script><\/p>\n<p>&nbsp;<\/p>\n<blockquote class=\"twitter-tweet\" data-lang=\"es\">\n<p dir=\"ltr\" lang=\"es\"><a href=\"https:\/\/twitter.com\/hashtag\/FuerzaMexico?src=hash\">#FuerzaMexico<\/a> Es momento de apoyar unos a otros, mucha solidaridad con los afectados. \u00a1El M\u00e9xico que quiero es fuerte! <a href=\"https:\/\/twitter.com\/hashtag\/UnidosPorMexico?src=hash\">#UnidosPorMexico<\/a>&#x1f1f2;&#x1f1fd;<\/p>\n<p>\u2014 Marco Fabi\u00e1n (@MarcoFabian_10) <a href=\"https:\/\/twitter.com\/MarcoFabian_10\/status\/910242943927242752\">19 de septiembre de 2017<\/a><\/p><\/blockquote>\n<p><script async src=\"\/\/platform.twitter.com\/widgets.js\" charset=\"utf-8\"><\/script><\/p>\n<p>&nbsp;<\/p>\n<blockquote class=\"twitter-tweet\" data-lang=\"es\">\n<p dir=\"ltr\" lang=\"es\">Oremos , ayudemos &#x1f64f;&#x1f3fb;&#x1f4aa;&#x1f3fb; <a href=\"https:\/\/twitter.com\/hashtag\/FuerzaMexico?src=hash\">#FuerzaMexico<\/a> &#x1f1f2;&#x1f1fd;&#x1f1f2;&#x1f1fd;<\/p>\n<p>\u2014 Gignac Andre-pierre (@10APG) <a href=\"https:\/\/twitter.com\/10APG\/status\/910226352451706880\">19 de septiembre de 2017<\/a><\/p><\/blockquote>\n<p><script async src=\"\/\/platform.twitter.com\/widgets.js\" charset=\"utf-8\"><\/script><\/p>\n<p>&nbsp;<\/p>\n<blockquote class=\"twitter-tweet\" data-lang=\"es\">\n<p dir=\"ltr\" lang=\"es\">Impresionado por lo que ocasion\u00f3 el temblor, mis oraciones y mi solidaridad para que todos se encuentren bien,<a href=\"https:\/\/twitter.com\/hashtag\/FuerzaMexico?src=hash\">#FuerzaMexico<\/a><\/p>\n<p>\u2014 Rafa Marquez (@RafaMarquezMX) <a href=\"https:\/\/twitter.com\/RafaMarquezMX\/status\/910242838805331973\">19 de septiembre de 2017<\/a><\/p><\/blockquote>\n<p><script async src=\"\/\/platform.twitter.com\/widgets.js\" charset=\"utf-8\"><\/script><\/p>\n<p>&nbsp;<\/p>\n<blockquote class=\"twitter-tweet\" data-lang=\"es\">\n<p dir=\"ltr\" lang=\"es\">Muy conmovido por la reaccion que est\u00e1 teniendo la gente en mi pais!! &#x1f44f;&#x1f3fc; Ayudemos todos!! <a href=\"https:\/\/twitter.com\/hashtag\/FuerzaMexico?src=hash\">#FuerzaMexico<\/a> &#x1f1f2;&#x1f1fd; &#x1f64f;&#x1f3fc; <a href=\"https:\/\/t.co\/dGccu398UA\">pic.twitter.com\/dGccu398UA<\/a><\/p>\n<p>\u2014 H\u00e9ctor Herrera (@HHerreramex) <a href=\"https:\/\/twitter.com\/HHerreramex\/status\/910251387182768128\">19 de septiembre de 2017<\/a><\/p><\/blockquote>\n<p><script async src=\"\/\/platform.twitter.com\/widgets.js\" charset=\"utf-8\"><\/script><\/p>\n<p>&nbsp;<\/p>\n<blockquote class=\"twitter-tweet\" data-lang=\"es\">\n<p dir=\"ltr\" lang=\"es\">Momentos dif\u00edciles nos hacen demostrar quienes somos. Mi solidaridad a todo mi pa\u00eds &#x1f1f2;&#x1f1fd;. Vi videos y estoy preocupado por los afectados! &#x1f622;&#x1f64f;&#x1f3fb;<\/p>\n<p>\u2014 Miguel Layun (@Miguel_layun) <a href=\"https:\/\/twitter.com\/Miguel_layun\/status\/910229162388008961\">19 de septiembre de 2017<\/a><\/p><\/blockquote>\n<p><script async src=\"\/\/platform.twitter.com\/widgets.js\" charset=\"utf-8\"><\/script><\/p>\n<p>&nbsp;<\/p>\n<blockquote class=\"twitter-tweet\" data-lang=\"es\">\n<p dir=\"ltr\" lang=\"en\">On behalf of The Money Team and Myself, I want to send my sincerest condolences to the families of Mexico and to <a href=\"https:\/\/t.co\/xrCOaynZln\">https:\/\/t.co\/xrCOaynZln<\/a> <a href=\"https:\/\/t.co\/zY1tpCLseA\">pic.twitter.com\/zY1tpCLseA<\/a><\/p>\n<p>\u2014 Floyd Mayweather (@FloydMayweather) <a href=\"https:\/\/twitter.com\/FloydMayweather\/status\/910407497340432384\">20 de septiembre de 2017<\/a><\/p><\/blockquote>\n<p><script async src=\"\/\/platform.twitter.com\/widgets.js\" charset=\"utf-8\"><\/script><\/p>\n<p>&nbsp;<\/p>\n<blockquote class=\"twitter-tweet\" data-lang=\"es\">\n<p dir=\"ltr\" lang=\"es\">La <a href=\"https:\/\/twitter.com\/hashtag\/RealSociedad?src=hash\">#RealSociedad<\/a> se solidariza con M\u00e9xico &#x1f1f2;&#x1f1fd; en estos momentos tan duros. \u00a1Mucha fuerza! <a href=\"https:\/\/t.co\/ZQnVUe8qyW\">https:\/\/t.co\/ZQnVUe8qyW<\/a><\/p>\n<p>\u2014 Real Sociedad F\u00fatbol (@RealSociedad) <a href=\"https:\/\/twitter.com\/RealSociedad\/status\/910246043354353665\">19 de septiembre de 2017<\/a><\/p><\/blockquote>\n<p><script async src=\"\/\/platform.twitter.com\/widgets.js\" charset=\"utf-8\"><\/script><\/p>\n<p>&nbsp;<\/p>\n<blockquote class=\"twitter-tweet\" data-lang=\"es\">\n<p dir=\"ltr\" lang=\"und\">&#x1f1f2;&#x1f1fd; <a href=\"https:\/\/twitter.com\/hashtag\/FuerzaM%C3%A9xico?src=hash\">#FuerzaM\u00e9xico<\/a><\/p>\n<p>\u2014 Radamel Falcao (@FALCAO) <a href=\"https:\/\/twitter.com\/FALCAO\/status\/910236951256686592\">19 de septiembre de 2017<\/a><\/p><\/blockquote>\n<p><script async src=\"\/\/platform.twitter.com\/widgets.js\" charset=\"utf-8\"><\/script><\/p>\n<p>&nbsp;<\/p>\n<blockquote class=\"twitter-tweet\" data-lang=\"es\">\n<p dir=\"ltr\" lang=\"es\">Todos nuestros deseos de pronta recuperaci\u00f3n para nuestros hermanos mexicanos. <a href=\"https:\/\/twitter.com\/hashtag\/FuerzaM%C3%A9xico?src=hash\">#FuerzaM\u00e9xico<\/a> &#x1f1f2;&#x1f1fd; <a href=\"https:\/\/t.co\/LzWgCk5Usv\">pic.twitter.com\/LzWgCk5Usv<\/a><\/p>\n<p>\u2014 Selecci\u00f3n Peruana (@SeleccionPeru) <a href=\"https:\/\/twitter.com\/SeleccionPeru\/status\/910246882391265280\">19 de septiembre de 2017<\/a><\/p><\/blockquote>\n<p><script async src=\"\/\/platform.twitter.com\/widgets.js\" charset=\"utf-8\"><\/script><\/p>\n<p>&nbsp;<\/p>\n<blockquote class=\"twitter-tweet\" data-lang=\"es\">\n<p dir=\"ltr\" lang=\"und\">&#x1f64f;&#x1f3fb;&#x1f1f2;&#x1f1fd;<\/p>\n<p>\u2014 Guillermo Ochoa (@yosoy8a) <a href=\"https:\/\/twitter.com\/yosoy8a\/status\/910236717461983233\">19 de septiembre de 2017<\/a><\/p><\/blockquote>\n<p><script async src=\"\/\/platform.twitter.com\/widgets.js\" charset=\"utf-8\"><\/script><\/p>\n<p>&nbsp;<\/p>\n<blockquote class=\"twitter-tweet\" data-lang=\"es\">\n<p dir=\"ltr\" lang=\"es\">Incre\u00edble &#x1f64f;&#x1f3fc;&#x1f62d; fuerza M\u00e9xico &#x1f1f2;&#x1f1fd;<\/p>\n<p>\u2014 Javier Aquino (@JavierAquino7) <a href=\"https:\/\/twitter.com\/JavierAquino7\/status\/910230980056797184\">19 de septiembre de 2017<\/a><\/p><\/blockquote>\n<p><script async src=\"\/\/platform.twitter.com\/widgets.js\" charset=\"utf-8\"><\/script><\/p>\n<p>&nbsp;<\/p>\n<blockquote class=\"twitter-tweet\" data-lang=\"es\">\n<p dir=\"ltr\" lang=\"es\"><a href=\"https:\/\/twitter.com\/hashtag\/FuerzaM%C3%A9xico?src=hash\">#FuerzaM\u00e9xico<\/a> &#x1f1f2;&#x1f1fd; &#x1f64f;&#x1f3fd; Que todo este bien &#x1f64f;&#x1f3fd;<\/p>\n<p>\u2014 H\u00e9ctor Moreno (@HectorMorenoh) <a href=\"https:\/\/twitter.com\/HectorMorenoh\/status\/910219711224442880\">19 de septiembre de 2017<\/a><\/p><\/blockquote>\n<p><script async src=\"\/\/platform.twitter.com\/widgets.js\" charset=\"utf-8\"><\/script><\/p>\n<p>&nbsp;<\/p>\n<blockquote class=\"twitter-tweet\" data-lang=\"es\">\n<p dir=\"ltr\" lang=\"es\">Un abrazo fraterno a los afectados por el terremoto en M\u00e9xico.<\/p>\n<p>Nuestro cari\u00f1o al pueblo mexicano y a los chilenos que est\u00e1n all\u00e1. <a href=\"https:\/\/t.co\/xwUsncheZU\">pic.twitter.com\/xwUsncheZU<\/a><\/p>\n<p>\u2014 Selecci\u00f3n Chilena (@LaRoja) <a href=\"https:\/\/twitter.com\/LaRoja\/status\/910256202461917186\">19 de septiembre de 2017<\/a><\/p><\/blockquote>\n<p><script async src=\"\/\/platform.twitter.com\/widgets.js\" charset=\"utf-8\"><\/script><\/p>\n<p>&nbsp;<\/p>\n<blockquote class=\"twitter-tweet\" data-lang=\"es\">\n<p dir=\"ltr\" lang=\"es\">Terribles noticias de Mexico. Todo mi apoyo a los afectados y a los familiares de las v\u00edctimas.<\/p>\n<p>\u2014 Rafa Nadal (@RafaelNadal) <a href=\"https:\/\/twitter.com\/RafaelNadal\/status\/910277285160341504\">19 de septiembre de 2017<\/a><\/p><\/blockquote>\n<p><script async src=\"\/\/platform.twitter.com\/widgets.js\" charset=\"utf-8\"><\/script><\/p>\n","protected":false},"excerpt":{"rendered":"<p>Distintas personalidades del deporte mundial se unen en apoyo al pueblo mexicano.<\/p>\n","protected":false},"author":20,"featured_media":500870,"comment_status":"closed","ping_status":"closed","sticky":false,"template":"","format":"standard","meta":[],"categories":[3839],"tags":[10266,120,6013,3483,6001,758,10126,10156],"_links":{"self":[{"href":"http:\/\/desarrollo.grupomedios.com\/futbol\/wp-json\/wp\/v2\/posts\/500817"}],"collection":[{"href":"http:\/\/desarrollo.grupomedios.com\/futbol\/wp-json\/wp\/v2\/posts"}],"about":[{"href":"http:\/\/desarrollo.grupomedios.com\/futbol\/wp-json\/wp\/v2\/types\/post"}],"author":[{"embeddable":true,"href":"http:\/\/desarrollo.grupomedios.com\/futbol\/wp-json\/wp\/v2\/users\/20"}],"replies":[{"embeddable":true,"href":"http:\/\/desarrollo.grupomedios.com\/futbol\/wp-json\/wp\/v2\/comments?post=500817"}],"version-history":[{"count":3,"href":"http:\/\/desarrollo.grupomedios.com\/futbol\/wp-json\/wp\/v2\/posts\/500817\/revisions"}],"predecessor-version":[{"id":500832,"href":"http:\/\/desarrollo.grupomedios.com\/futbol\/wp-json\/wp\/v2\/posts\/500817\/revisions\/500832"}],"wp:featuredmedia":[{"embeddable":true,"href":"http:\/\/desarrollo.grupomedios.com\/futbol\/wp-json\/wp\/v2\/media\/500870"}],"wp:attachment":[{"href":"http:\/\/desarrollo.grupomedios.com\/futbol\/wp-json\/wp\/v2\/media?parent=500817"}],"wp:term":[{"taxonomy":"category","embeddable":true,"href":"http:\/\/desarrollo.grupomedios.com\/futbol\/wp-json\/wp\/v2\/categories?post=500817"},{"taxonomy":"post_tag","embeddable":true,"href":"http:\/\/desarrollo.grupomedios.com\/futbol\/wp-json\/wp\/v2\/tags?post=500817"}],"curies":[{"name":"wp","href":"https:\/\/api.w.org\/{rel}","templated":true}]}}