{"id":500833,"date":"2017-09-20T09:41:37","date_gmt":"2017-09-20T14:41:37","guid":{"rendered":"https:\/\/www.futboltotal.com.mx\/?p=500833"},"modified":"2017-09-20T09:41:37","modified_gmt":"2017-09-20T14:41:37","slug":"checo-perez-anuncia-millonaria-donacion-tras-sismo-en-mexico","status":"publish","type":"post","link":"http:\/\/desarrollo.grupomedios.com\/futbol\/otros-deportes\/checo-perez-anuncia-millonaria-donacion-tras-sismo-en-mexico\/2017\/09","title":{"rendered":"Checo P\u00e9rez anuncia millonaria donaci\u00f3n tras sismo en M\u00e9xico"},"content":{"rendered":"<p>Son muchos los personajes del deporte que han manifestado su apoyo a <strong>M\u00e9xico<\/strong> luego del <strong>sismo<\/strong> de <strong>7.1 grados<\/strong> que afect\u00f3 gravemente al pa\u00eds este martes 19 de septiembre, y el piloto mexicano <strong>Sergio P\u00e9rez<\/strong> decidi\u00f3 hacer una millonaria donaci\u00f3n para las v\u00edctimas del temblor.<\/p>\n<p>Por medio de redes sociales, <strong><em>Checo<\/em> P\u00e9rez<\/strong> anunci\u00f3 que dona la cantidad de <strong>3 millones de pesos<\/strong> con el objetivo de ayudar a contrarrestar los da\u00f1os a consecuencia de este episodio.<\/p>\n<p style=\"text-align: center;\"><a href=\"https:\/\/www.futboltotal.com.mx\/2017\/09\/cristiano-neymar-chicharito-deporte-mundial-fuerzamexico\/\" target=\"_blank\" rel=\"noopener noreferrer\"><span style=\"color: #333399;\">VER M\u00c1S: Cristiano, Neymar, Chicharito y el deporte mundial dicen #FuerzaM\u00e9xico<\/span><\/a><\/p>\n<p>Adem\u00e1s, en el mismo comunicado el piloto de <strong>F\u00f3rmula 1<\/strong> revel\u00f3 que por cada peso que reciba su fundaci\u00f3n, <strong>Fundaci\u00f3n Checo P\u00e9rez A.C.<\/strong>, la <strong>Fundaci\u00f3n Carlos Slim<\/strong> donar\u00e1 5 pesos.<\/p>\n<p>&nbsp;<\/p>\n<blockquote class=\"twitter-tweet\" data-lang=\"es\">\n<p dir=\"ltr\" lang=\"es\">Por cada $1 que <a href=\"https:\/\/twitter.com\/FundChecoPerez\">@FundChecoPerez<\/a> reciba <a href=\"https:\/\/twitter.com\/Fund_CarlosSlim\">@Fund_CarlosSlim<\/a> donar\u00e1 $5. Yo dono 3 millones de pesos a la causa. \u00a1Ayudemos todos! <a href=\"https:\/\/twitter.com\/hashtag\/FuerzaM%C3%A9xico?src=hash\">#FuerzaM\u00e9xico<\/a> <a href=\"https:\/\/t.co\/O2ZDJyvOI1\">pic.twitter.com\/O2ZDJyvOI1<\/a><\/p>\n<p>\u2014 Sergio P\u00e9rez (@SChecoPerez) <a href=\"https:\/\/twitter.com\/SChecoPerez\/status\/910371421565718529\">20 de septiembre de 2017<\/a><\/p><\/blockquote>\n<p><script async src=\"\/\/platform.twitter.com\/widgets.js\" charset=\"utf-8\"><\/script><\/p>\n","protected":false},"excerpt":{"rendered":"<p>El piloto de F\u00f3rmula 1 decidi\u00f3 apoyar al pueblo mexicano.<\/p>\n","protected":false},"author":20,"featured_media":459698,"comment_status":"closed","ping_status":"closed","sticky":false,"template":"","format":"standard","meta":[],"categories":[6411],"tags":[5480,10267,2140,758,10126,10153],"_links":{"self":[{"href":"http:\/\/desarrollo.grupomedios.com\/futbol\/wp-json\/wp\/v2\/posts\/500833"}],"collection":[{"href":"http:\/\/desarrollo.grupomedios.com\/futbol\/wp-json\/wp\/v2\/posts"}],"about":[{"href":"http:\/\/desarrollo.grupomedios.com\/futbol\/wp-json\/wp\/v2\/types\/post"}],"author":[{"embeddable":true,"href":"http:\/\/desarrollo.grupomedios.com\/futbol\/wp-json\/wp\/v2\/users\/20"}],"replies":[{"embeddable":true,"href":"http:\/\/desarrollo.grupomedios.com\/futbol\/wp-json\/wp\/v2\/comments?post=500833"}],"version-history":[{"count":1,"href":"http:\/\/desarrollo.grupomedios.com\/futbol\/wp-json\/wp\/v2\/posts\/500833\/revisions"}],"predecessor-version":[{"id":500834,"href":"http:\/\/desarrollo.grupomedios.com\/futbol\/wp-json\/wp\/v2\/posts\/500833\/revisions\/500834"}],"wp:featuredmedia":[{"embeddable":true,"href":"http:\/\/desarrollo.grupomedios.com\/futbol\/wp-json\/wp\/v2\/media\/459698"}],"wp:attachment":[{"href":"http:\/\/desarrollo.grupomedios.com\/futbol\/wp-json\/wp\/v2\/media?parent=500833"}],"wp:term":[{"taxonomy":"category","embeddable":true,"href":"http:\/\/desarrollo.grupomedios.com\/futbol\/wp-json\/wp\/v2\/categories?post=500833"},{"taxonomy":"post_tag","embeddable":true,"href":"http:\/\/desarrollo.grupomedios.com\/futbol\/wp-json\/wp\/v2\/tags?post=500833"}],"curies":[{"name":"wp","href":"https:\/\/api.w.org\/{rel}","templated":true}]}}