{"id":500835,"date":"2017-09-20T09:49:21","date_gmt":"2017-09-20T14:49:21","guid":{"rendered":"https:\/\/www.futboltotal.com.mx\/?p=500835"},"modified":"2017-09-20T09:49:21","modified_gmt":"2017-09-20T14:49:21","slug":"real-madrid-betis-guardaran-minuto-silencio-en-apoyo-a-mexico","status":"publish","type":"post","link":"http:\/\/desarrollo.grupomedios.com\/futbol\/futbol-internacional\/real-madrid-betis-guardaran-minuto-silencio-en-apoyo-a-mexico\/2017\/09","title":{"rendered":"Real Madrid y Betis guardar\u00e1n minuto de silencio en apoyo a M\u00e9xico"},"content":{"rendered":"<p class=\"DETALLE_N_titulo \"><span id=\"ctl14_lblMostra\">El estadio <strong>Santiago Bernab\u00e9u<\/strong>, escenario del partido de <strong>LaLiga Santander<\/strong> entre el <strong>Real Madrid<\/strong> y el <strong>Real Betis<\/strong>, guardar\u00e1 un minuto de silencio en memoria de las v\u00edctimas del terremoto que ha azotado M\u00e9xico, inform\u00f3 el club blanco.<\/p>\n<p>El encuentro, correspondiente a la quinta jornada del torneo liguero espa\u00f1ol, se disputar\u00e1 en el estadio <strong>Santiago Bernab\u00e9u<\/strong> a partir de las 15:00 horas tiempo de M\u00e9xico.<\/span><\/p>\n<p class=\"DETALLE_N_titulo \" style=\"text-align: center;\"><span id=\"ctl14_lblMostra\"><a href=\"https:\/\/www.futboltotal.com.mx\/2017\/09\/cristiano-neymar-chicharito-deporte-mundial-fuerzamexico\/\" target=\"_blank\" rel=\"noopener noreferrer\"><span style=\"color: #333399;\">VER M\u00c1S: Cristiano, Neymar, Chicharito y el deporte mundial dicen #FuerzaM\u00e9xico<\/span><\/a><\/span><\/p>\n<p class=\"DETALLE_N_titulo \"><span id=\"ctl14_lblMostra\">As\u00ed mismo, los jugadores portar\u00e1n brazaletes negros, a\u00f1ade el Real Madrid.<\/span><\/p>\n<div id=\"texto\" class=\"texto_txt\"><\/div>\n","protected":false},"excerpt":{"rendered":"<p>El club Merengue y el equipo de Andr\u00e9s Guardado mostrar\u00e1n respeto a las v\u00edctimas del sismo.<\/p>\n","protected":false},"author":144,"featured_media":500837,"comment_status":"closed","ping_status":"closed","sticky":false,"template":"","format":"standard","meta":[],"categories":[3839],"tags":[1804,65,5988,10153],"_links":{"self":[{"href":"http:\/\/desarrollo.grupomedios.com\/futbol\/wp-json\/wp\/v2\/posts\/500835"}],"collection":[{"href":"http:\/\/desarrollo.grupomedios.com\/futbol\/wp-json\/wp\/v2\/posts"}],"about":[{"href":"http:\/\/desarrollo.grupomedios.com\/futbol\/wp-json\/wp\/v2\/types\/post"}],"author":[{"embeddable":true,"href":"http:\/\/desarrollo.grupomedios.com\/futbol\/wp-json\/wp\/v2\/users\/144"}],"replies":[{"embeddable":true,"href":"http:\/\/desarrollo.grupomedios.com\/futbol\/wp-json\/wp\/v2\/comments?post=500835"}],"version-history":[{"count":1,"href":"http:\/\/desarrollo.grupomedios.com\/futbol\/wp-json\/wp\/v2\/posts\/500835\/revisions"}],"predecessor-version":[{"id":500839,"href":"http:\/\/desarrollo.grupomedios.com\/futbol\/wp-json\/wp\/v2\/posts\/500835\/revisions\/500839"}],"wp:featuredmedia":[{"embeddable":true,"href":"http:\/\/desarrollo.grupomedios.com\/futbol\/wp-json\/wp\/v2\/media\/500837"}],"wp:attachment":[{"href":"http:\/\/desarrollo.grupomedios.com\/futbol\/wp-json\/wp\/v2\/media?parent=500835"}],"wp:term":[{"taxonomy":"category","embeddable":true,"href":"http:\/\/desarrollo.grupomedios.com\/futbol\/wp-json\/wp\/v2\/categories?post=500835"},{"taxonomy":"post_tag","embeddable":true,"href":"http:\/\/desarrollo.grupomedios.com\/futbol\/wp-json\/wp\/v2\/tags?post=500835"}],"curies":[{"name":"wp","href":"https:\/\/api.w.org\/{rel}","templated":true}]}}