{"id":500860,"date":"2017-09-20T11:14:29","date_gmt":"2017-09-20T16:14:29","guid":{"rendered":"https:\/\/www.futboltotal.com.mx\/?p=500860"},"modified":"2017-09-20T11:14:29","modified_gmt":"2017-09-20T16:14:29","slug":"culpa-muller-coutinho-llego-al-barcelona","status":"publish","type":"post","link":"http:\/\/desarrollo.grupomedios.com\/futbol\/futbol-internacional\/culpa-muller-coutinho-llego-al-barcelona\/2017\/09","title":{"rendered":"Por culpa de Muller, Coutinho no lleg\u00f3 al Barcelona"},"content":{"rendered":"<p>Nueva informaci\u00f3n sobre el no fichaje de<strong> Coutinho<\/strong> con el <strong>Barcelona<\/strong> se ha dado a conocer y un nuevo nombre ha salido a relucir como el culpable.<\/p>\n<p>De acuerdo al <em>diario Bild<\/em>, <strong>Thomas Muller<\/strong> del <strong>Bayern Munich<\/strong> fue el culpable para que Coutinho no llegara al Barcelona.<\/p>\n<p style=\"text-align: center;\"><span style=\"color: #333399;\"><a style=\"color: #333399;\" href=\"https:\/\/www.futboltotal.com.mx\/2017\/09\/telefonos-emergencia-en-la-ciudad-mexico\/\" target=\"_blank\" rel=\"noopener noreferrer\">VER M\u00c1S: Tel\u00e9fonos de emergencia en la Ciudad de M\u00e9xico<\/a><\/span><\/p>\n<p>Los &#8216;Reds&#8217; estaban dispuestos a vender al brasile\u00f1o por una cifra cercana a los <strong>100 millones de euros<\/strong>; esto, siempre y cuando pudieran comprar a Thomas Muller como sustituto.<\/p>\n<p>El estratega de los b\u00e1varos<strong>, Carlo Ancelotti<\/strong> no permiti\u00f3 esto, pues a pesar de no considerar a Muller un indiscutible en su once, no dio salida al jugador y con ello gener\u00f3 la carambola que no dej\u00f3 llegar a Coutinho con los cul\u00e9s.<\/p>\n<p style=\"text-align: center;\"><span style=\"color: #333399;\"><a style=\"color: #333399;\" href=\"https:\/\/www.futboltotal.com.mx\/2017\/09\/los-ultimos-verdugos-mexico-se-quedaran-sin-mundial\/\" target=\"_blank\" rel=\"noopener noreferrer\">VER M\u00c1S: \u00bfLos \u00faltimos verdugos de M\u00e9xico se quedar\u00e1n sin mundial?<\/a><\/span><\/p>\n<p>&nbsp;<\/p>\n","protected":false},"excerpt":{"rendered":"<p>El alem\u00e1n no permiti\u00f3 la salida del brasile\u00f1o del Liverpool<\/p>\n","protected":false},"author":20,"featured_media":436804,"comment_status":"closed","ping_status":"closed","sticky":false,"template":"","format":"standard","meta":[],"categories":[3839],"tags":[5984,2056,1893,2616,5792],"_links":{"self":[{"href":"http:\/\/desarrollo.grupomedios.com\/futbol\/wp-json\/wp\/v2\/posts\/500860"}],"collection":[{"href":"http:\/\/desarrollo.grupomedios.com\/futbol\/wp-json\/wp\/v2\/posts"}],"about":[{"href":"http:\/\/desarrollo.grupomedios.com\/futbol\/wp-json\/wp\/v2\/types\/post"}],"author":[{"embeddable":true,"href":"http:\/\/desarrollo.grupomedios.com\/futbol\/wp-json\/wp\/v2\/users\/20"}],"replies":[{"embeddable":true,"href":"http:\/\/desarrollo.grupomedios.com\/futbol\/wp-json\/wp\/v2\/comments?post=500860"}],"version-history":[{"count":1,"href":"http:\/\/desarrollo.grupomedios.com\/futbol\/wp-json\/wp\/v2\/posts\/500860\/revisions"}],"predecessor-version":[{"id":500865,"href":"http:\/\/desarrollo.grupomedios.com\/futbol\/wp-json\/wp\/v2\/posts\/500860\/revisions\/500865"}],"wp:featuredmedia":[{"embeddable":true,"href":"http:\/\/desarrollo.grupomedios.com\/futbol\/wp-json\/wp\/v2\/media\/436804"}],"wp:attachment":[{"href":"http:\/\/desarrollo.grupomedios.com\/futbol\/wp-json\/wp\/v2\/media?parent=500860"}],"wp:term":[{"taxonomy":"category","embeddable":true,"href":"http:\/\/desarrollo.grupomedios.com\/futbol\/wp-json\/wp\/v2\/categories?post=500860"},{"taxonomy":"post_tag","embeddable":true,"href":"http:\/\/desarrollo.grupomedios.com\/futbol\/wp-json\/wp\/v2\/tags?post=500860"}],"curies":[{"name":"wp","href":"https:\/\/api.w.org\/{rel}","templated":true}]}}