{"id":500877,"date":"2017-09-20T11:49:43","date_gmt":"2017-09-20T16:49:43","guid":{"rendered":"https:\/\/www.futboltotal.com.mx\/?p=500877"},"modified":"2017-09-20T11:49:43","modified_gmt":"2017-09-20T16:49:43","slug":"villarreal-busca-partido-tigres-a-beneficio-los-damnificados","status":"publish","type":"post","link":"http:\/\/desarrollo.grupomedios.com\/futbol\/futbol-internacional\/villarreal-busca-partido-tigres-a-beneficio-los-damnificados\/2017\/09","title":{"rendered":"Villarreal busca partido con Tigres a beneficio de los damnificados"},"content":{"rendered":"<p>El <strong>Villarreal<\/strong> ha ofrecido al club la opci\u00f3n de disputar un partido ben\u00e9fico en el Estadio de la Cer\u00e1mica, con la idea de recaudar fondos para ayudar a los damnificados por el terremoto vivido en M\u00e9xico el martes.<\/p>\n<p>El partido se disputar\u00eda en Vila-real, por lo que deben ser los dirigentes de Tigres los que analicen las mejores opciones para que se pueda jugar y buscar una fecha que sea buena para ambos equipos y que podr\u00eda ser el <strong>pr\u00f3ximo mes de noviembre<\/strong> en el par\u00f3n de la liga espa\u00f1ola por los partidos de selecciones nacionales.<\/p>\n<p style=\"text-align: center;\"><span style=\"color: #333399;\"><a style=\"color: #333399;\" href=\"https:\/\/www.futboltotal.com.mx\/2017\/09\/conoce-centro-acopio-cdmx-tras-temblor-mexico\/\" target=\"_blank\" rel=\"noopener noreferrer\">VER M\u00c1S: Conoce los centros de acopio en CDMX<\/a><\/span><\/p>\n<p>Desde el Villarreal han confirmado a EFE que \u00e9ste ha sido un primer contacto, tanto para interesarse por sus amigos y conocidos en el club mexicano, como para ofrecer esta posibilidad.<\/p>\n<p>Cabe recordar que ambos clubes mantiene una buena relaci\u00f3n desde hace un tiempo, ya que han tenido varios negocios de venta o traspaso de jugadores.<\/p>\n<p>Desde el club Tigres de la<strong> Universidad Aut\u00f3noma de Nuevo Le\u00f3n<\/strong> se ha dado a conocer esta posibilidad, aunque reconocen que est\u00e1n valorando como poder llevarla a cabo, aunque en las pr\u00f3ximas horas se podr\u00eda concretar m\u00e1s detalles de la celebraci\u00f3n del partido y las fechas en que se podr\u00eda llevar a cabo.<\/p>\n<p style=\"text-align: center;\"><span style=\"color: #333399;\"><a style=\"color: #333399;\" href=\"https:\/\/www.futboltotal.com.mx\/2017\/09\/jornada-10-liga-mx-esta-en-duda-tras-sismo\/\" target=\"_blank\" rel=\"noopener noreferrer\">VER M\u00c1S: Jornada 10 de Liga MX, en duda tras sismo<\/a><\/span><\/p>\n","protected":false},"excerpt":{"rendered":"<p>El encuentro podr\u00eda disputarse en noviembre<\/p>\n","protected":false},"author":144,"featured_media":500878,"comment_status":"closed","ping_status":"closed","sticky":false,"template":"","format":"standard","meta":[],"categories":[3839],"tags":[758,10153,5973,2607],"_links":{"self":[{"href":"http:\/\/desarrollo.grupomedios.com\/futbol\/wp-json\/wp\/v2\/posts\/500877"}],"collection":[{"href":"http:\/\/desarrollo.grupomedios.com\/futbol\/wp-json\/wp\/v2\/posts"}],"about":[{"href":"http:\/\/desarrollo.grupomedios.com\/futbol\/wp-json\/wp\/v2\/types\/post"}],"author":[{"embeddable":true,"href":"http:\/\/desarrollo.grupomedios.com\/futbol\/wp-json\/wp\/v2\/users\/144"}],"replies":[{"embeddable":true,"href":"http:\/\/desarrollo.grupomedios.com\/futbol\/wp-json\/wp\/v2\/comments?post=500877"}],"version-history":[{"count":1,"href":"http:\/\/desarrollo.grupomedios.com\/futbol\/wp-json\/wp\/v2\/posts\/500877\/revisions"}],"predecessor-version":[{"id":500882,"href":"http:\/\/desarrollo.grupomedios.com\/futbol\/wp-json\/wp\/v2\/posts\/500877\/revisions\/500882"}],"wp:featuredmedia":[{"embeddable":true,"href":"http:\/\/desarrollo.grupomedios.com\/futbol\/wp-json\/wp\/v2\/media\/500878"}],"wp:attachment":[{"href":"http:\/\/desarrollo.grupomedios.com\/futbol\/wp-json\/wp\/v2\/media?parent=500877"}],"wp:term":[{"taxonomy":"category","embeddable":true,"href":"http:\/\/desarrollo.grupomedios.com\/futbol\/wp-json\/wp\/v2\/categories?post=500877"},{"taxonomy":"post_tag","embeddable":true,"href":"http:\/\/desarrollo.grupomedios.com\/futbol\/wp-json\/wp\/v2\/tags?post=500877"}],"curies":[{"name":"wp","href":"https:\/\/api.w.org\/{rel}","templated":true}]}}