{"id":500896,"date":"2017-09-20T13:27:43","date_gmt":"2017-09-20T18:27:43","guid":{"rendered":"https:\/\/www.futboltotal.com.mx\/?p=500896"},"modified":"2017-09-20T13:27:43","modified_gmt":"2017-09-20T18:27:43","slug":"angel-mena-cuenta-vivio-terremoto","status":"publish","type":"post","link":"http:\/\/desarrollo.grupomedios.com\/futbol\/futbol-mexicano\/angel-mena-cuenta-vivio-terremoto\/2017\/09","title":{"rendered":"\u00c1ngel Mena cuenta c\u00f3mo vivi\u00f3 el terremoto"},"content":{"rendered":"<p>El jugador de<strong> Cruz Azul<\/strong>, <strong>\u00c1ngel Mena<\/strong>, expres\u00f3 la forma en que vivi\u00f3 el sismo que se sinti\u00f3 en M\u00e9xico el martes 19 de septiembre.<\/p>\n<p>Para el diario <em>La Rep\u00fablica<\/em> de Ecuador, coment\u00f3 que se encontraba concentrado en un hotel con el conjunto celeste en espera al partido frente a<strong> Am\u00e9rica<\/strong> de <strong>Copa MX<\/strong>, sin embargo, al momento del sismo se preocup\u00f3 por su familia e inmediatamente fue a cerciorarse que estuvieran bien.<\/p>\n<p style=\"text-align: center;\"><span style=\"color: #333399;\"><a style=\"color: #333399;\" href=\"https:\/\/www.futboltotal.com.mx\/2017\/09\/villarreal-busca-partido-tigres-a-beneficio-los-damnificados\/\" target=\"_blank\" rel=\"noopener noreferrer\">VER M\u00c1S: Villarreal busca partido con Tigres a beneficio de aficionados<\/a><\/span><\/p>\n<p>Aunque se hab\u00eda dicho que el edificio donde vive se derrumbo, esto es totalmente falso<strong>, su vivienda sufri\u00f3 da\u00f1os graves<\/strong> que har\u00e1n imposible que vuelva a habitarla, por lo que Mena a\u00fan no decide si manda a su familia a Ecuador hasta que se normalice la situaci\u00f3n en M\u00e9xico.<\/p>\n<blockquote class=\"twitter-video\" data-lang=\"es\">\n<p dir=\"ltr\" lang=\"es\">\u00c1ngel Mena cuenta su experiencia tras terremoto en M\u00e9xico. <a href=\"https:\/\/t.co\/buOULIIplY\">pic.twitter.com\/buOULIIplY<\/a><\/p>\n<p>\u2014 Radio Universal (@Universal1270am) <a href=\"https:\/\/twitter.com\/Universal1270am\/status\/910520808828805121\">20 de septiembre de 2017<\/a><\/p><\/blockquote>\n<p><script async src=\"\/\/platform.twitter.com\/widgets.js\" charset=\"utf-8\"><\/script><\/p>\n<p>Por su parte, la radiodifusora Radioz\u00f3nica habl\u00f3 con con <strong>Chaco Gim\u00e9nez<\/strong>, quien dijo;<strong> &#8220;Alejandro Forl\u00edn y el ecuatoriano Angel Mena est\u00e1n en mi casa con sus familias&#8221;<\/strong>.<\/p>\n<p style=\"text-align: center;\"><span style=\"color: #333399;\"><a style=\"color: #333399;\" href=\"https:\/\/www.futboltotal.com.mx\/2017\/09\/los-estadios-la-liga-mx-sirven-centro-acopio\/\" target=\"_blank\" rel=\"noopener noreferrer\">VER M\u00c1S: Estadios de Liga MX sirven como centro de acopio<\/a><\/span><\/p>\n","protected":false},"excerpt":{"rendered":"<p>El jugador de Cruz Azul vivi\u00f3 momentos de incertidumbre<\/p>\n","protected":false},"author":20,"featured_media":494595,"comment_status":"closed","ping_status":"closed","sticky":false,"template":"","format":"standard","meta":[],"categories":[2198,3845],"tags":[7749,5962,64,758],"_links":{"self":[{"href":"http:\/\/desarrollo.grupomedios.com\/futbol\/wp-json\/wp\/v2\/posts\/500896"}],"collection":[{"href":"http:\/\/desarrollo.grupomedios.com\/futbol\/wp-json\/wp\/v2\/posts"}],"about":[{"href":"http:\/\/desarrollo.grupomedios.com\/futbol\/wp-json\/wp\/v2\/types\/post"}],"author":[{"embeddable":true,"href":"http:\/\/desarrollo.grupomedios.com\/futbol\/wp-json\/wp\/v2\/users\/20"}],"replies":[{"embeddable":true,"href":"http:\/\/desarrollo.grupomedios.com\/futbol\/wp-json\/wp\/v2\/comments?post=500896"}],"version-history":[{"count":1,"href":"http:\/\/desarrollo.grupomedios.com\/futbol\/wp-json\/wp\/v2\/posts\/500896\/revisions"}],"predecessor-version":[{"id":500898,"href":"http:\/\/desarrollo.grupomedios.com\/futbol\/wp-json\/wp\/v2\/posts\/500896\/revisions\/500898"}],"wp:featuredmedia":[{"embeddable":true,"href":"http:\/\/desarrollo.grupomedios.com\/futbol\/wp-json\/wp\/v2\/media\/494595"}],"wp:attachment":[{"href":"http:\/\/desarrollo.grupomedios.com\/futbol\/wp-json\/wp\/v2\/media?parent=500896"}],"wp:term":[{"taxonomy":"category","embeddable":true,"href":"http:\/\/desarrollo.grupomedios.com\/futbol\/wp-json\/wp\/v2\/categories?post=500896"},{"taxonomy":"post_tag","embeddable":true,"href":"http:\/\/desarrollo.grupomedios.com\/futbol\/wp-json\/wp\/v2\/tags?post=500896"}],"curies":[{"name":"wp","href":"https:\/\/api.w.org\/{rel}","templated":true}]}}