{"id":500897,"date":"2017-09-20T13:29:30","date_gmt":"2017-09-20T18:29:30","guid":{"rendered":"https:\/\/www.futboltotal.com.mx\/?p=500897"},"modified":"2017-09-20T14:26:42","modified_gmt":"2017-09-20T19:26:42","slug":"chicharito-layun-lanzan-iniciativa-ayudar-a-mexico-tras-sismo","status":"publish","type":"post","link":"http:\/\/desarrollo.grupomedios.com\/futbol\/futbol-mexicano\/chicharito-layun-lanzan-iniciativa-ayudar-a-mexico-tras-sismo\/2017\/09","title":{"rendered":"Chicharito y Lay\u00fan lanzan iniciativa para ayudar a M\u00e9xico tras sismo"},"content":{"rendered":"<p>Los mexicanos<strong> Javier Chicharito Hern\u00e1ndez y Miguel Lay\u00fan<\/strong>, han lanzado una iniciativa para ayudar a todos los afectados en M\u00e9xico por el terremoto que azot\u00f3 la Ciudad de M\u00e9xico, Puebla y Morelos este martes 19 de septiembre.<\/p>\n<p>A trav\u00e9s de Twitter, <strong>Chicharito y Lay\u00fan<\/strong> lanzaron la campa\u00f1a #YOXM\u00c9XICO , con la que buscan apoyar a todos los mexicanos necesitados y motivar a que m\u00e1s gente se sume para recaudar fondos y ayudar a las organizaciones.<\/p>\n<p style=\"text-align: center;\"><span style=\"color: #3366ff;\"><a style=\"color: #3366ff;\" href=\"https:\/\/www.futboltotal.com.mx\/2017\/09\/jugadores-america-se-solidarizan-organizando-una-colecta\/\">VER M\u00c1S: Jugadores de Am\u00e9rica se solidarizan organizando una colecta<\/a><\/span><\/p>\n<blockquote class=\"twitter-tweet\" data-width=\"500\">\n<p lang=\"es\" dir=\"ltr\">Es momento de ayudar, me gustar\u00eda anunciar la iniciativa <a href=\"https:\/\/twitter.com\/YoXMex\">@YoXMex<\/a>. S\u00f3lo juntos podremos salir adelante. Dona aqu\u00ed <a href=\"https:\/\/t.co\/UHC03r4vKS\">https:\/\/t.co\/UHC03r4vKS<\/a> <a href=\"https:\/\/t.co\/fp39rruUiI\">pic.twitter.com\/fp39rruUiI<\/a><\/p>\n<p>&mdash; Miguel Layun (@Miguel_layun) <a href=\"https:\/\/twitter.com\/Miguel_layun\/status\/910568768614658048\">September 20, 2017<\/a><\/p><\/blockquote>\n<p><script async src=\"\/\/platform.twitter.com\/widgets.js\" charset=\"utf-8\"><\/script><\/p>\n","protected":false},"excerpt":{"rendered":"<p>Los mexicanos buscan apoyar a todos los afectados.<\/p>\n","protected":false},"author":20,"featured_media":500899,"comment_status":"closed","ping_status":"closed","sticky":false,"template":"","format":"standard","meta":[],"categories":[3839,2198],"tags":[549,1035,10276],"_links":{"self":[{"href":"http:\/\/desarrollo.grupomedios.com\/futbol\/wp-json\/wp\/v2\/posts\/500897"}],"collection":[{"href":"http:\/\/desarrollo.grupomedios.com\/futbol\/wp-json\/wp\/v2\/posts"}],"about":[{"href":"http:\/\/desarrollo.grupomedios.com\/futbol\/wp-json\/wp\/v2\/types\/post"}],"author":[{"embeddable":true,"href":"http:\/\/desarrollo.grupomedios.com\/futbol\/wp-json\/wp\/v2\/users\/20"}],"replies":[{"embeddable":true,"href":"http:\/\/desarrollo.grupomedios.com\/futbol\/wp-json\/wp\/v2\/comments?post=500897"}],"version-history":[{"count":1,"href":"http:\/\/desarrollo.grupomedios.com\/futbol\/wp-json\/wp\/v2\/posts\/500897\/revisions"}],"predecessor-version":[{"id":500900,"href":"http:\/\/desarrollo.grupomedios.com\/futbol\/wp-json\/wp\/v2\/posts\/500897\/revisions\/500900"}],"wp:featuredmedia":[{"embeddable":true,"href":"http:\/\/desarrollo.grupomedios.com\/futbol\/wp-json\/wp\/v2\/media\/500899"}],"wp:attachment":[{"href":"http:\/\/desarrollo.grupomedios.com\/futbol\/wp-json\/wp\/v2\/media?parent=500897"}],"wp:term":[{"taxonomy":"category","embeddable":true,"href":"http:\/\/desarrollo.grupomedios.com\/futbol\/wp-json\/wp\/v2\/categories?post=500897"},{"taxonomy":"post_tag","embeddable":true,"href":"http:\/\/desarrollo.grupomedios.com\/futbol\/wp-json\/wp\/v2\/tags?post=500897"}],"curies":[{"name":"wp","href":"https:\/\/api.w.org\/{rel}","templated":true}]}}