{"id":500916,"date":"2017-09-20T14:59:11","date_gmt":"2017-09-20T19:59:11","guid":{"rendered":"https:\/\/www.futboltotal.com.mx\/?p=500916"},"modified":"2017-09-21T09:53:40","modified_gmt":"2017-09-21T14:53:40","slug":"suspenden-la-jornada-10-la-liga-mx","status":"publish","type":"post","link":"http:\/\/desarrollo.grupomedios.com\/futbol\/futbol-mexicano\/suspenden-la-jornada-10-la-liga-mx\/2017\/09","title":{"rendered":"Suspenden la Jornada 10 de la Liga MX"},"content":{"rendered":"<p>La <strong>Liga Bancomer MX<\/strong> ha confirmado que se suspende de manera definitiva la Jornada 10 del Torneo Apertura 2017, debido a todos los actos de apoyo que se est\u00e1n realizando en la Ciudad de M\u00e9xico y varios estados del pa\u00eds, tras los desastres ocurridos por el sismo de 7.1 grados.<\/p>\n<p>En un breve comunicado, la liga ha explicado que en estos momentos lo mejor es apoyar, y el futbol ser\u00eda un distractor para todos los actos que se est\u00e1n realizando en el pa\u00eds.<\/p>\n<p style=\"text-align: center;\"><span style=\"color: #333399;\"><a style=\"color: #333399;\" href=\"https:\/\/www.futboltotal.com.mx\/2017\/09\/jugadores-liga-mx-liga-femenil-apoyo-victimas-del-sismo\/\">VER M\u00c1S:\u00a0<span class=\"item-title\">Jugadores de Liga MX y Liga Femenil con apoyo para v\u00edctimas del sismo<\/span><\/a><\/span><\/p>\n<p>De igual forma, todas las categor\u00edas desde sub 15, 17 y 20 tampoco tendr\u00e1n actividad futbol\u00edstica, de igual forma que la Liga Femenil MX, que tampoco se llevar\u00e1 a cabo en esta semana.<\/p>\n<blockquote class=\"twitter-tweet\" data-lang=\"es\">\n<p dir=\"ltr\" lang=\"es\">Por ahora, es momento de apoyar.<br \/>\nEste Fin de Semana, NO habr\u00e1 actividad en la <a href=\"https:\/\/twitter.com\/hashtag\/LIGABancomerMX?src=hash\">#LIGABancomerMX<\/a><br \/>\n&#x1f1f2;&#x1f1fd; <a href=\"https:\/\/twitter.com\/hashtag\/FuerzaM%C3%A9xico?src=hash\">#FuerzaM\u00e9xico<\/a> &#x1f1f2;&#x1f1fd;<br \/>\n\u26bd <a href=\"https:\/\/twitter.com\/hashtag\/SienteTuLiga?src=hash\">#SienteTuLiga<\/a> \u26bd <a href=\"https:\/\/t.co\/dTlwOsWWsP\">pic.twitter.com\/dTlwOsWWsP<\/a><\/p>\n<p>\u2014 LIGA Bancomer MX (@LIGABancomerMX) <a href=\"https:\/\/twitter.com\/LIGABancomerMX\/status\/910591623708291072\">20 de septiembre de 2017<\/a><\/p><\/blockquote>\n<p><script async src=\"\/\/platform.twitter.com\/widgets.js\" charset=\"utf-8\"><\/script><\/p>\n<p>Por ahora, no se tiene una fecha fija para saber cu\u00e1ndo se realizar\u00e1, pero se especula que ser\u00eda en la fecha FIFA de octubre.<\/p>\n<blockquote class=\"twitter-tweet\" data-partner=\"tweetdeck\">\n<p dir=\"ltr\" lang=\"es\">Por ahora, es momento de apoyar.<br \/>\nEste Fin de Semana, NO habr\u00e1 actividad en el <a href=\"https:\/\/twitter.com\/hashtag\/LIGAMXFemenil?src=hash\">#LIGAMXFemenil<\/a> &#x1f481;\u26bd<br \/>\n&#x1f1f2;&#x1f1fd; <a href=\"https:\/\/twitter.com\/hashtag\/FuerzaM%C3%A9xico?src=hash\">#FuerzaM\u00e9xico<\/a> &#x1f1f2;&#x1f1fd;<a href=\"https:\/\/twitter.com\/hashtag\/VamosPorEllas?src=hash\">#VamosPorEllas<\/a> <a href=\"https:\/\/t.co\/jlFUkGKQEn\">pic.twitter.com\/jlFUkGKQEn<\/a><\/p>\n<p>\u2014 LIGA MX Femenil (@LIGAMXFemenil) <a href=\"https:\/\/twitter.com\/LIGAMXFemenil\/status\/910591600643969026\">September 20, 2017<\/a><\/p><\/blockquote>\n<p><script async src=\"\/\/platform.twitter.com\/widgets.js\" charset=\"utf-8\"><\/script><\/p>\n","protected":false},"excerpt":{"rendered":"<p>Tentativamente, se jugar\u00eda en la fecha FIFA de octubre<\/p>\n","protected":false},"author":20,"featured_media":500920,"comment_status":"closed","ping_status":"closed","sticky":false,"template":"","format":"standard","meta":[],"categories":[2198,3845],"tags":[1508,64,10278],"_links":{"self":[{"href":"http:\/\/desarrollo.grupomedios.com\/futbol\/wp-json\/wp\/v2\/posts\/500916"}],"collection":[{"href":"http:\/\/desarrollo.grupomedios.com\/futbol\/wp-json\/wp\/v2\/posts"}],"about":[{"href":"http:\/\/desarrollo.grupomedios.com\/futbol\/wp-json\/wp\/v2\/types\/post"}],"author":[{"embeddable":true,"href":"http:\/\/desarrollo.grupomedios.com\/futbol\/wp-json\/wp\/v2\/users\/20"}],"replies":[{"embeddable":true,"href":"http:\/\/desarrollo.grupomedios.com\/futbol\/wp-json\/wp\/v2\/comments?post=500916"}],"version-history":[{"count":1,"href":"http:\/\/desarrollo.grupomedios.com\/futbol\/wp-json\/wp\/v2\/posts\/500916\/revisions"}],"predecessor-version":[{"id":500921,"href":"http:\/\/desarrollo.grupomedios.com\/futbol\/wp-json\/wp\/v2\/posts\/500916\/revisions\/500921"}],"wp:featuredmedia":[{"embeddable":true,"href":"http:\/\/desarrollo.grupomedios.com\/futbol\/wp-json\/wp\/v2\/media\/500920"}],"wp:attachment":[{"href":"http:\/\/desarrollo.grupomedios.com\/futbol\/wp-json\/wp\/v2\/media?parent=500916"}],"wp:term":[{"taxonomy":"category","embeddable":true,"href":"http:\/\/desarrollo.grupomedios.com\/futbol\/wp-json\/wp\/v2\/categories?post=500916"},{"taxonomy":"post_tag","embeddable":true,"href":"http:\/\/desarrollo.grupomedios.com\/futbol\/wp-json\/wp\/v2\/tags?post=500916"}],"curies":[{"name":"wp","href":"https:\/\/api.w.org\/{rel}","templated":true}]}}