{"id":500922,"date":"2017-09-20T15:12:55","date_gmt":"2017-09-20T20:12:55","guid":{"rendered":"https:\/\/www.futboltotal.com.mx\/?p=500922"},"modified":"2017-09-20T15:12:55","modified_gmt":"2017-09-20T20:12:55","slug":"minuto-silencio-en-real-madrid-betis-victimas-sismo-en-mexico","status":"publish","type":"post","link":"http:\/\/desarrollo.grupomedios.com\/futbol\/futbol-internacional\/minuto-silencio-en-real-madrid-betis-victimas-sismo-en-mexico\/2017\/09","title":{"rendered":"Minuto de silencio en Real Madrid-Betis por v\u00edctimas de sismo en M\u00e9xico"},"content":{"rendered":"<p>Los futbolistas del <strong>Real Madrid<\/strong> y del <strong>Betis<\/strong> se reunieron en el centro del campo previo al inicio de su juego para rendir un minuto de silencio por las v\u00edctimas del sismo en M\u00e9xico.<\/p>\n<p>Un plet\u00f3rico <strong>Santiago Bernab\u00e9u<\/strong> rindi\u00f3 homenaje y palabras de aliento a todo M\u00e9xico despu\u00e9s de los desastres que gener\u00f3 el sismo de 7.1 grados que se vivi\u00f3 en la Ciudad de M\u00e9xico y diversos estados del pa\u00eds.<\/p>\n<blockquote class=\"twitter-video\" data-lang=\"es\">\n<p dir=\"ltr\" lang=\"es\">Minuto de silencio, siempre respetuoso el Bernab\u00e9u <a href=\"https:\/\/twitter.com\/hashtag\/HalaMadrid?src=hash\">#HalaMadrid<\/a> <a href=\"https:\/\/t.co\/h4AQKaPDRv\">pic.twitter.com\/h4AQKaPDRv<\/a><\/p>\n<p>\u2014 AEL (@Mostaza69) <a href=\"https:\/\/twitter.com\/Mostaza69\/status\/910594971954302977\">20 de septiembre de 2017<\/a><\/p><\/blockquote>\n<p><script async src=\"\/\/platform.twitter.com\/widgets.js\" charset=\"utf-8\"><\/script><\/p>\n<p style=\"text-align: center;\"><span style=\"color: #333399;\"><a style=\"color: #333399;\" href=\"https:\/\/www.futboltotal.com.mx\/2017\/09\/wayne-rooney-multado-sin-sueldo-everton\/\">VER M\u00c1S:\u00a0<span class=\"item-title\">Wayne Rooney, multado sin sueldo con el Everton<\/span><\/a><\/span><\/p>\n<p>El mexicano Andr\u00e9s Guardado estuvo presente desde la banca, ya que no fue incluido en la partida inicial del encuentro.<\/p>\n<blockquote class=\"twitter-tweet\" data-lang=\"es\">\n<p dir=\"ltr\" lang=\"es\">Realizan minuto de silencio en el duelo Real Madrid vs Betis por M\u00e9xico <a href=\"https:\/\/twitter.com\/hashtag\/FuerzaMexico?src=hash\">#FuerzaMexico<\/a> <a href=\"https:\/\/t.co\/FdIapAXo7n\">pic.twitter.com\/FdIapAXo7n<\/a><\/p>\n<p>\u2014 Omar Tinoco Balderas (@TinocoOmar) <a href=\"https:\/\/twitter.com\/TinocoOmar\/status\/910594877133434880\">20 de septiembre de 2017<\/a><\/p><\/blockquote>\n<p><script async src=\"\/\/platform.twitter.com\/widgets.js\" charset=\"utf-8\"><\/script><\/p>\n","protected":false},"excerpt":{"rendered":"<p>Ambas escuadras se concentraron en el centro del campo para rendir homenaje a las v\u00edctimas<\/p>\n","protected":false},"author":20,"featured_media":500923,"comment_status":"closed","ping_status":"closed","sticky":false,"template":"","format":"standard","meta":[],"categories":[3839,3844],"tags":[1804,10135,5988],"_links":{"self":[{"href":"http:\/\/desarrollo.grupomedios.com\/futbol\/wp-json\/wp\/v2\/posts\/500922"}],"collection":[{"href":"http:\/\/desarrollo.grupomedios.com\/futbol\/wp-json\/wp\/v2\/posts"}],"about":[{"href":"http:\/\/desarrollo.grupomedios.com\/futbol\/wp-json\/wp\/v2\/types\/post"}],"author":[{"embeddable":true,"href":"http:\/\/desarrollo.grupomedios.com\/futbol\/wp-json\/wp\/v2\/users\/20"}],"replies":[{"embeddable":true,"href":"http:\/\/desarrollo.grupomedios.com\/futbol\/wp-json\/wp\/v2\/comments?post=500922"}],"version-history":[{"count":1,"href":"http:\/\/desarrollo.grupomedios.com\/futbol\/wp-json\/wp\/v2\/posts\/500922\/revisions"}],"predecessor-version":[{"id":500924,"href":"http:\/\/desarrollo.grupomedios.com\/futbol\/wp-json\/wp\/v2\/posts\/500922\/revisions\/500924"}],"wp:featuredmedia":[{"embeddable":true,"href":"http:\/\/desarrollo.grupomedios.com\/futbol\/wp-json\/wp\/v2\/media\/500923"}],"wp:attachment":[{"href":"http:\/\/desarrollo.grupomedios.com\/futbol\/wp-json\/wp\/v2\/media?parent=500922"}],"wp:term":[{"taxonomy":"category","embeddable":true,"href":"http:\/\/desarrollo.grupomedios.com\/futbol\/wp-json\/wp\/v2\/categories?post=500922"},{"taxonomy":"post_tag","embeddable":true,"href":"http:\/\/desarrollo.grupomedios.com\/futbol\/wp-json\/wp\/v2\/tags?post=500922"}],"curies":[{"name":"wp","href":"https:\/\/api.w.org\/{rel}","templated":true}]}}