{"id":500931,"date":"2017-09-20T16:07:00","date_gmt":"2017-09-20T21:07:00","guid":{"rendered":"https:\/\/www.futboltotal.com.mx\/?p=500931"},"modified":"2017-09-20T16:12:06","modified_gmt":"2017-09-20T21:12:06","slug":"raul-jimenez-dedica-golazo-benfica-a-victimas-en-mexico","status":"publish","type":"post","link":"http:\/\/desarrollo.grupomedios.com\/futbol\/futbol-internacional\/raul-jimenez-dedica-golazo-benfica-a-victimas-en-mexico\/2017\/09","title":{"rendered":"Ra\u00fal Jim\u00e9nez dedica golazo con Benfica a v\u00edctimas en M\u00e9xico"},"content":{"rendered":"<p>El partido entre el <strong>Benfica<\/strong> y el <strong>Braga<\/strong> de la <strong>Copa<\/strong> o <strong>Ta\u00e7a<\/strong> <strong>de<\/strong> <strong>Portugal<\/strong> cont\u00f3 con un emotivo momento por parte del delantero <strong>Ra\u00fal<\/strong> <strong>Jim\u00e9nez<\/strong>, quien abri\u00f3 el marcador y festej\u00f3 mandando un mensaje de apoyo a todo <strong>M\u00e9xico<\/strong> luego del <strong>temblor<\/strong> de 7.1 grados Richter que afect\u00f3 al centro del pa\u00eds.<\/p>\n<p>El mexicano Jim\u00e9nez, quien fue titular con el cuadro de las <em><strong>\u00c1guilas<\/strong><\/em> lusitanas, consigui\u00f3 el 1-0 parcial con un golazo luego de prender de aire el bal\u00f3n despu\u00e9s de una serie de rechaces para batir el arco rival y salir corriendo a festejar con una dedicatoria a todo su pa\u00eds.<\/p>\n<p style=\"text-align: center;\"><a href=\"https:\/\/www.futboltotal.com.mx\/2017\/09\/suspenden-la-jornada-10-la-liga-mx\/\" target=\"_blank\" rel=\"noopener noreferrer\"><span style=\"color: #333399;\">VER M\u00c1S: Suspenden la Jornada 10 de la Liga MX<\/span><\/a><\/p>\n<p>&nbsp;<\/p>\n<blockquote class=\"twitter-video\" data-lang=\"es\">\n<p dir=\"ltr\" lang=\"es\">&#x1f1f2;&#x1f1fd;\u00a1Golazo de Ra\u00fal Jim\u00e9nez! Y su festejo va dedicado a M\u00e9xico<a href=\"https:\/\/t.co\/HKYdL4GYQo\">pic.twitter.com\/HKYdL4GYQo<\/a><\/p>\n<p>\u2014 MUNDO FUTBOL (@MUNDO_FUT11) <a href=\"https:\/\/twitter.com\/MUNDO_FUT11\/status\/910607812778090496\">20 de septiembre de 2017<\/a><\/p><\/blockquote>\n<p><script async src=\"\/\/platform.twitter.com\/widgets.js\" charset=\"utf-8\"><\/script><\/p>\n<p><strong>Ra\u00fal<\/strong> se levant\u00f3 la playera del <strong>Benfica<\/strong> para mostrar un mensaje escrito en la playera que vest\u00eda por debajo, en la que se alcanz\u00f3 a leer la frase: <strong>Fuerza M\u00e9xico<\/strong>.<\/p>\n<p><a href=\"https:\/\/www.futboltotal.com.mx\/wp-content\/uploads\/2017\/09\/Raul-JImenez-Benfica-Fuerza-Mexico.jpg\"><img decoding=\"async\" loading=\"lazy\" class=\"aligncenter size-large wp-image-500945\" src=\"https:\/\/www.futboltotal.com.mx\/wp-content\/uploads\/2017\/09\/Raul-JImenez-Benfica-Fuerza-Mexico-1024x576.jpg\" alt=\"Ra\u00fal Jim\u00e9nez dedica golazo con Benfica a v\u00edctimas en M\u00e9xico 0\" srcset=\"http:\/\/desarrollo.grupomedios.com\/futbol\/wp-content\/uploads\/2017\/09\/Raul-JImenez-Benfica-Fuerza-Mexico-1024x576.jpg 1024w, http:\/\/desarrollo.grupomedios.com\/futbol\/wp-content\/uploads\/2017\/09\/Raul-JImenez-Benfica-Fuerza-Mexico-300x169.jpg 300w, http:\/\/desarrollo.grupomedios.com\/futbol\/wp-content\/uploads\/2017\/09\/Raul-JImenez-Benfica-Fuerza-Mexico-768x432.jpg 768w, http:\/\/desarrollo.grupomedios.com\/futbol\/wp-content\/uploads\/2017\/09\/Raul-JImenez-Benfica-Fuerza-Mexico-393x221.jpg 393w, http:\/\/desarrollo.grupomedios.com\/futbol\/wp-content\/uploads\/2017\/09\/Raul-JImenez-Benfica-Fuerza-Mexico.jpg 1136w\" sizes=\"(max-width: 1024px) 100vw, 1024px\" \/><\/a><\/p>\n<p>El tambi\u00e9n delantero de la Selecci\u00f3n Mexicana ya hab\u00eda manifestado su apoyo al pueblo mexicano horas antes por medio de redes sociales.<\/p>\n<p>&nbsp;<\/p>\n<blockquote class=\"twitter-tweet\" data-lang=\"es\">\n<p dir=\"ltr\" lang=\"es\">Es el momento de estar m\u00e1s unidos que nunca y es hora de demostrar lo fuertes que somos juntos. <a href=\"https:\/\/twitter.com\/hashtag\/PrayForMexico?src=hash\">#PrayForMexico<\/a> <a href=\"https:\/\/t.co\/FMAaWIGiJ0\">pic.twitter.com\/FMAaWIGiJ0<\/a><\/p>\n<p>\u2014 Ra\u00fal Jim\u00e9nez (@Raul_Jimenez9) <a href=\"https:\/\/twitter.com\/Raul_Jimenez9\/status\/910239440282558465\">19 de septiembre de 2017<\/a><\/p><\/blockquote>\n<p><script async src=\"\/\/platform.twitter.com\/widgets.js\" charset=\"utf-8\"><\/script><\/p>\n","protected":false},"excerpt":{"rendered":"<p>El delantero mexicano marc\u00f3 un golazo y manifest\u00f3 el apoyo a su pa\u00eds.<\/p>\n","protected":false},"author":20,"featured_media":500945,"comment_status":"closed","ping_status":"closed","sticky":false,"template":"","format":"standard","meta":[],"categories":[3839,7709],"tags":[10266,6060,10282,742,10281],"_links":{"self":[{"href":"http:\/\/desarrollo.grupomedios.com\/futbol\/wp-json\/wp\/v2\/posts\/500931"}],"collection":[{"href":"http:\/\/desarrollo.grupomedios.com\/futbol\/wp-json\/wp\/v2\/posts"}],"about":[{"href":"http:\/\/desarrollo.grupomedios.com\/futbol\/wp-json\/wp\/v2\/types\/post"}],"author":[{"embeddable":true,"href":"http:\/\/desarrollo.grupomedios.com\/futbol\/wp-json\/wp\/v2\/users\/20"}],"replies":[{"embeddable":true,"href":"http:\/\/desarrollo.grupomedios.com\/futbol\/wp-json\/wp\/v2\/comments?post=500931"}],"version-history":[{"count":2,"href":"http:\/\/desarrollo.grupomedios.com\/futbol\/wp-json\/wp\/v2\/posts\/500931\/revisions"}],"predecessor-version":[{"id":500947,"href":"http:\/\/desarrollo.grupomedios.com\/futbol\/wp-json\/wp\/v2\/posts\/500931\/revisions\/500947"}],"wp:featuredmedia":[{"embeddable":true,"href":"http:\/\/desarrollo.grupomedios.com\/futbol\/wp-json\/wp\/v2\/media\/500945"}],"wp:attachment":[{"href":"http:\/\/desarrollo.grupomedios.com\/futbol\/wp-json\/wp\/v2\/media?parent=500931"}],"wp:term":[{"taxonomy":"category","embeddable":true,"href":"http:\/\/desarrollo.grupomedios.com\/futbol\/wp-json\/wp\/v2\/categories?post=500931"},{"taxonomy":"post_tag","embeddable":true,"href":"http:\/\/desarrollo.grupomedios.com\/futbol\/wp-json\/wp\/v2\/tags?post=500931"}],"curies":[{"name":"wp","href":"https:\/\/api.w.org\/{rel}","templated":true}]}}