{"id":500959,"date":"2017-09-20T17:39:02","date_gmt":"2017-09-20T22:39:02","guid":{"rendered":"https:\/\/www.futboltotal.com.mx\/?p=500959"},"modified":"2017-09-20T17:39:02","modified_gmt":"2017-09-20T22:39:02","slug":"colecta-afuera-del-bernabeu-en-apoyo-a-victimas-sismo-en-mexico","status":"publish","type":"post","link":"http:\/\/desarrollo.grupomedios.com\/futbol\/futbol-internacional\/colecta-afuera-del-bernabeu-en-apoyo-a-victimas-sismo-en-mexico\/2017\/09","title":{"rendered":"Colecta afuera del Bernab\u00e9u en apoyo a v\u00edctimas de sismo en M\u00e9xico"},"content":{"rendered":"<p>Mexicanos que se encontraron a las afueras del estadio Santiago Bernab\u00e9u y que asistieron al partido entre Real Madrid y Real Betis, recolectaron donativos para apoyar a M\u00e9xico, y las ciudades donde colapsaron edificios de la Ciudad de M\u00e9xico y diversos estados del pa\u00eds.<\/p>\n<p>Un corresponsal del diario <em>Record\u00a0<\/em>dio a conocer al grupo de mexicanos que est\u00e1n recolectando los donativos para hacerlos llegar a los topos y la Cruz Roja.<\/p>\n<p style=\"text-align: center;\"><span style=\"color: #333399;\"><a style=\"color: #333399;\" href=\"https:\/\/www.futboltotal.com.mx\/2017\/09\/betis-guardado-sorprenden-al-madrid-en-bernabeu\/\">VER M\u00c1S:\u00a0<span class=\"item-title\">Betis y Guardado sorprenden al Madrid en el Bernab\u00e9u<\/span><\/a><\/span><\/p>\n<p>Una de las personas que se encontraba se\u00f1al\u00f3 que fue una situaci\u00f3n expr\u00e9s que se volvi\u00f3 en una gran movilizaci\u00f3n de compatriotas y otros aficionados que se han sumado.<\/p>\n<blockquote class=\"twitter-video\" data-lang=\"es\">\n<p dir=\"ltr\" lang=\"es\"> &#8220;ESPA\u00d1A, HERMANOS, APOYEN MEXICANOS&#8221;<\/p>\n<p> \u00a1En el Bernab\u00e9u hubo donaciones para los afectados!<\/p>\n<p> | v\u00eda <a href=\"https:\/\/twitter.com\/alex8603\">@alex8603<\/a><a href=\"https:\/\/t.co\/3dDBCx60QC\">https:\/\/t.co\/3dDBCx60QC<\/a> <a href=\"https:\/\/t.co\/lXUWAUwPKP\">pic.twitter.com\/lXUWAUwPKP<\/a><\/p>\n<p>\u2014 DIARIO R\u00c9CORD (@record_mexico) <a href=\"https:\/\/twitter.com\/record_mexico\/status\/910605482275962880\">20 de septiembre de 2017<\/a><\/p><\/blockquote>\n<p><script async src=\"\/\/platform.twitter.com\/widgets.js\" charset=\"utf-8\"><\/script><\/p>\n","protected":false},"excerpt":{"rendered":"<p>Mexicanos se unieron para poder hacer la donaci\u00f3n a los topos y la Cruz Roja<\/p>\n","protected":false},"author":20,"featured_media":500960,"comment_status":"closed","ping_status":"closed","sticky":false,"template":"","format":"standard","meta":[],"categories":[3839,3844],"tags":[6945,1192,5988],"_links":{"self":[{"href":"http:\/\/desarrollo.grupomedios.com\/futbol\/wp-json\/wp\/v2\/posts\/500959"}],"collection":[{"href":"http:\/\/desarrollo.grupomedios.com\/futbol\/wp-json\/wp\/v2\/posts"}],"about":[{"href":"http:\/\/desarrollo.grupomedios.com\/futbol\/wp-json\/wp\/v2\/types\/post"}],"author":[{"embeddable":true,"href":"http:\/\/desarrollo.grupomedios.com\/futbol\/wp-json\/wp\/v2\/users\/20"}],"replies":[{"embeddable":true,"href":"http:\/\/desarrollo.grupomedios.com\/futbol\/wp-json\/wp\/v2\/comments?post=500959"}],"version-history":[{"count":1,"href":"http:\/\/desarrollo.grupomedios.com\/futbol\/wp-json\/wp\/v2\/posts\/500959\/revisions"}],"predecessor-version":[{"id":500961,"href":"http:\/\/desarrollo.grupomedios.com\/futbol\/wp-json\/wp\/v2\/posts\/500959\/revisions\/500961"}],"wp:featuredmedia":[{"embeddable":true,"href":"http:\/\/desarrollo.grupomedios.com\/futbol\/wp-json\/wp\/v2\/media\/500960"}],"wp:attachment":[{"href":"http:\/\/desarrollo.grupomedios.com\/futbol\/wp-json\/wp\/v2\/media?parent=500959"}],"wp:term":[{"taxonomy":"category","embeddable":true,"href":"http:\/\/desarrollo.grupomedios.com\/futbol\/wp-json\/wp\/v2\/categories?post=500959"},{"taxonomy":"post_tag","embeddable":true,"href":"http:\/\/desarrollo.grupomedios.com\/futbol\/wp-json\/wp\/v2\/tags?post=500959"}],"curies":[{"name":"wp","href":"https:\/\/api.w.org\/{rel}","templated":true}]}}