{"id":500963,"date":"2017-09-20T18:23:41","date_gmt":"2017-09-20T23:23:41","guid":{"rendered":"https:\/\/www.futboltotal.com.mx\/?p=500963"},"modified":"2017-09-20T18:23:41","modified_gmt":"2017-09-20T23:23:41","slug":"selecciones-del-mundo-muestran-solidaridad-mexico","status":"publish","type":"post","link":"http:\/\/desarrollo.grupomedios.com\/futbol\/futbol-mexicano\/selecciones-del-mundo-muestran-solidaridad-mexico\/2017\/09","title":{"rendered":"Selecciones del mundo muestran solidaridad con M\u00e9xico"},"content":{"rendered":"<p>Al igual que muchos personajes, futbolistas y equipos, las<strong> selecciones del mund<\/strong>o han mostrado su solidaridad con <strong>M\u00e9xico<\/strong> y han mandado mensajes de apoyo luego del <strong>sismo<\/strong> que azot\u00f3 al pa\u00eds este martes 19 de septiembre.<\/p>\n<p>Fue a trav\u00e9s de su cuenta de Twitter donde selecciones como Alemania, Brasil, Chile y Per\u00fa, entre otras, mandaron un mensaje de apoyo a todo nuestro pa\u00eds.<\/p>\n<p style=\"text-align: center;\"><span style=\"color: #3366ff;\"><a style=\"color: #3366ff;\" href=\"https:\/\/www.futboltotal.com.mx\/2017\/09\/liga-mx-da-fechas-jornada-10-octavos-copa-mx\/\">VER M\u00c1S: Liga MX da fechas para Jornada 10 y octavos de Copa MX<\/a><\/span><\/p>\n<blockquote class=\"twitter-tweet\" data-width=\"500\">\n<p lang=\"es\" dir=\"ltr\">Nuestra solidaridad con <a href=\"https:\/\/twitter.com\/hashtag\/M%C3%A9xico?src=hash\">#M\u00e9xico<\/a>, fuerza a los jugadores ecuatorianos y compatriotas residentes en el pa\u00eds azteca. <a href=\"https:\/\/t.co\/i1USFO1ozs\">pic.twitter.com\/i1USFO1ozs<\/a><\/p>\n<p>&mdash; FEF Ecuador (@FEFecuador) <a href=\"https:\/\/twitter.com\/FEFecuador\/status\/910257155596603392\">September 19, 2017<\/a><\/p><\/blockquote>\n<p><script async src=\"\/\/platform.twitter.com\/widgets.js\" charset=\"utf-8\"><\/script><\/p>\n<p>https:\/\/twitter.com\/SeleccionPeru\/status\/910246882391265280<\/p>\n<blockquote class=\"twitter-tweet\" data-width=\"500\">\n<p lang=\"es\" dir=\"ltr\">Un abrazo fraterno a los afectados por el terremoto en M\u00e9xico.<\/p>\n<p>Nuestro cari\u00f1o al pueblo mexicano y a los chilenos que est\u00e1n all\u00e1. <a href=\"https:\/\/t.co\/xwUsncheZU\">pic.twitter.com\/xwUsncheZU<\/a><\/p>\n<p>&mdash; Selecci\u00f3n Chilena (@LaRoja) <a href=\"https:\/\/twitter.com\/LaRoja\/status\/910256202461917186\">September 19, 2017<\/a><\/p><\/blockquote>\n<p><script async src=\"\/\/platform.twitter.com\/widgets.js\" charset=\"utf-8\"><\/script><\/p>\n<blockquote class=\"twitter-tweet\" data-width=\"500\">\n<p lang=\"es\" dir=\"ltr\"><a href=\"https:\/\/twitter.com\/hashtag\/FCF?src=hash\">#FCF<\/a> env\u00eda mensaje de aliento y apoyo para M\u00e9xico. <\/p>\n<p>Estamos con ustedes <a href=\"https:\/\/twitter.com\/miseleccionmx\">@miseleccionmx<\/a>.<\/p>\n<p>&mdash; Selecci\u00f3n Colombia (@FCFSeleccionCol) <a href=\"https:\/\/twitter.com\/FCFSeleccionCol\/status\/910252145945010181\">September 19, 2017<\/a><\/p><\/blockquote>\n<p><script async src=\"\/\/platform.twitter.com\/widgets.js\" charset=\"utf-8\"><\/script><\/p>\n<blockquote class=\"twitter-tweet\" data-data-dnt=\"true\">\n<p lang=\"es\" dir=\"ltr\"><a href=\"https:\/\/twitter.com\/hashtag\/M%C3%A9xico?src=hash&amp;ref_src=twsrc%5Etfw\">#M\u00e9xico<\/a>, pa\u00eds hermano, en cuyas tierras decenas de compatriotas ejercen la labor del futbolista \u00a1Estamos Juntos! <a href=\"https:\/\/twitter.com\/hashtag\/FuerzaMexico?src=hash&amp;ref_src=twsrc%5Etfw\">#FuerzaMexico<\/a> \ud83c\uddf5\ud83c\uddfe\ud83d\ude4f\ud83c\udffc\ud83c\uddf2\ud83c\uddfd <a href=\"https:\/\/t.co\/HUkqt97vz9\">pic.twitter.com\/HUkqt97vz9<\/a><\/p>\n<p>&mdash; APF (@APFOficial) <a href=\"https:\/\/twitter.com\/APFOficial\/status\/910608122124931072?ref_src=twsrc%5Etfw\">September 20, 2017<\/a><\/p><\/blockquote>\n<p><script async src=\"https:\/\/platform.twitter.com\/widgets.js\" charset=\"utf-8\"><\/script><\/p>\n<blockquote class=\"twitter-tweet\" data-width=\"500\">\n<p lang=\"pt\" dir=\"ltr\">Enviamos nossa energia positiva ao pa\u00eds que sempre nos abra\u00e7ou e est\u00e1 na hist\u00f3ria da <a href=\"https:\/\/twitter.com\/hashtag\/Sele%C3%A7%C3%A3oBrasileira?src=hash\">#Sele\u00e7\u00e3oBrasileira<\/a>. For\u00e7a, M\u00e9xico! <a href=\"https:\/\/twitter.com\/hashtag\/M%C3%A9xicoEst%C3%A1DePie?src=hash\">#M\u00e9xicoEst\u00e1DePie<\/a> <a href=\"https:\/\/t.co\/MRfHno8mIa\">pic.twitter.com\/MRfHno8mIa<\/a><\/p>\n<p>&mdash; CBF Futebol (@CBF_Futebol) <a href=\"https:\/\/twitter.com\/CBF_Futebol\/status\/910577365159415808\">September 20, 2017<\/a><\/p><\/blockquote>\n<p><script async src=\"\/\/platform.twitter.com\/widgets.js\" charset=\"utf-8\"><\/script><\/p>\n<p>https:\/\/twitter.com\/DFB_Team_ES\/status\/910525397997113344<\/p>\n<blockquote class=\"twitter-tweet\" data-data-dnt=\"true\">\n<p lang=\"es\" dir=\"ltr\">Nuestra solidaridad y mejores deseos al pueblo mexicano. \ud83d\ude4f<\/p>\n<p>Mucha fortaleza y \u00e1nimo para superar este dif\u00edcil momento. \u00a1<a href=\"https:\/\/twitter.com\/hashtag\/FuerzaM%C3%A9xico?src=hash&amp;ref_src=twsrc%5Etfw\">#FuerzaM\u00e9xico<\/a>! \ud83d\udcaa\ud83c\uddf2\ud83c\uddfd <a href=\"https:\/\/t.co\/Wgyq5xKMTi\">pic.twitter.com\/Wgyq5xKMTi<\/a><\/p>\n<p>&mdash; La Sele (@laselecrc_) <a href=\"https:\/\/twitter.com\/laselecrc_\/status\/910275120073191424?ref_src=twsrc%5Etfw\">September 19, 2017<\/a><\/p><\/blockquote>\n<p><script async src=\"https:\/\/platform.twitter.com\/widgets.js\" charset=\"utf-8\"><\/script><\/p>\n<blockquote class=\"twitter-tweet\" data-data-dnt=\"true\">\n<p lang=\"es\" dir=\"ltr\">\ud83c\udded\ud83c\uddf3 Honduras y @FenafuthOrg se solidarizan con <a href=\"https:\/\/twitter.com\/FMF?ref_src=twsrc%5Etfw\">@FMF<\/a> y todo el pueblo de M\u00e9xico.<\/p>\n<p> \ud83d\udcaa\u00a0<a href=\"https:\/\/twitter.com\/hashtag\/FuerzaM%C3%A9xico?src=hash&amp;ref_src=twsrc%5Etfw\">#FuerzaM\u00e9xico<\/a>  \ud83c\uddf2\ud83c\uddfd \ud83d\udc9a <a href=\"https:\/\/t.co\/v5UrK9PYTA\">pic.twitter.com\/v5UrK9PYTA<\/a><\/p>\n<p>&mdash; Federaci\u00f3n de F\u00fatbol de Honduras (FFH) (@FFH_Honduras) <a href=\"https:\/\/twitter.com\/FFH_Honduras\/status\/910267510682988546?ref_src=twsrc%5Etfw\">September 19, 2017<\/a><\/p><\/blockquote>\n<p><script async src=\"https:\/\/platform.twitter.com\/widgets.js\" charset=\"utf-8\"><\/script><\/p>\n<blockquote class=\"twitter-tweet\" data-width=\"500\">\n<p lang=\"es\" dir=\"ltr\">Desde Panam\u00e1, <a href=\"https:\/\/twitter.com\/fepafut\">@fepafut<\/a>, su Comit\u00e9 Ejecutivo y colaboradores, se solidarizan con el pueblo de M\u00e9xico, en especial nuestros amigos de <a href=\"https:\/\/twitter.com\/FMF\">@FMF<\/a>. <a href=\"https:\/\/t.co\/fmzIgd1XgU\">pic.twitter.com\/fmzIgd1XgU<\/a><\/p>\n<p>&mdash; FEPAFUT (@fepafut) <a href=\"https:\/\/twitter.com\/fepafut\/status\/910241885448474625\">September 19, 2017<\/a><\/p><\/blockquote>\n<p><script async src=\"\/\/platform.twitter.com\/widgets.js\" charset=\"utf-8\"><\/script><\/p>\n","protected":false},"excerpt":{"rendered":"<p>M\u00e9xico recibi\u00f3 apoyo de selecciones internacionales como Brasil y Alemania.<\/p>\n","protected":false},"author":20,"featured_media":500969,"comment_status":"closed","ping_status":"closed","sticky":false,"template":"","format":"standard","meta":[],"categories":[2198,3847],"tags":[6000,6009,708,800,65,625,664,722,758],"_links":{"self":[{"href":"http:\/\/desarrollo.grupomedios.com\/futbol\/wp-json\/wp\/v2\/posts\/500963"}],"collection":[{"href":"http:\/\/desarrollo.grupomedios.com\/futbol\/wp-json\/wp\/v2\/posts"}],"about":[{"href":"http:\/\/desarrollo.grupomedios.com\/futbol\/wp-json\/wp\/v2\/types\/post"}],"author":[{"embeddable":true,"href":"http:\/\/desarrollo.grupomedios.com\/futbol\/wp-json\/wp\/v2\/users\/20"}],"replies":[{"embeddable":true,"href":"http:\/\/desarrollo.grupomedios.com\/futbol\/wp-json\/wp\/v2\/comments?post=500963"}],"version-history":[{"count":1,"href":"http:\/\/desarrollo.grupomedios.com\/futbol\/wp-json\/wp\/v2\/posts\/500963\/revisions"}],"predecessor-version":[{"id":500970,"href":"http:\/\/desarrollo.grupomedios.com\/futbol\/wp-json\/wp\/v2\/posts\/500963\/revisions\/500970"}],"wp:featuredmedia":[{"embeddable":true,"href":"http:\/\/desarrollo.grupomedios.com\/futbol\/wp-json\/wp\/v2\/media\/500969"}],"wp:attachment":[{"href":"http:\/\/desarrollo.grupomedios.com\/futbol\/wp-json\/wp\/v2\/media?parent=500963"}],"wp:term":[{"taxonomy":"category","embeddable":true,"href":"http:\/\/desarrollo.grupomedios.com\/futbol\/wp-json\/wp\/v2\/categories?post=500963"},{"taxonomy":"post_tag","embeddable":true,"href":"http:\/\/desarrollo.grupomedios.com\/futbol\/wp-json\/wp\/v2\/tags?post=500963"}],"curies":[{"name":"wp","href":"https:\/\/api.w.org\/{rel}","templated":true}]}}