{"id":500964,"date":"2017-09-20T18:04:55","date_gmt":"2017-09-20T23:04:55","guid":{"rendered":"https:\/\/www.futboltotal.com.mx\/?p=500964"},"modified":"2017-09-20T18:04:55","modified_gmt":"2017-09-20T23:04:55","slug":"mensaje-guardado-a-mexico-tras-triunfo-del-betis","status":"publish","type":"post","link":"http:\/\/desarrollo.grupomedios.com\/futbol\/videos\/mensaje-guardado-a-mexico-tras-triunfo-del-betis\/2017\/09","title":{"rendered":"El mensaje de Guardado a M\u00e9xico tras triunfo del Betis"},"content":{"rendered":"<p>El mediocampista <strong>Andr\u00e9s Guardado<\/strong> envi\u00f3 un mensaje de apoyo a los mexicanos tras el triunfo del <strong>Betis<\/strong> por 0-1 sobre el <strong>Real Madrid<\/strong> en el <strong>Santiago Bernab\u00e9u<\/strong>.<\/p>\n<p>El jugador tricolor asegur\u00f3 que fue muy complicado para \u00e9l jugar el partido, porque estaba muy al pendiente de todas las cosas que pasaban en el pa\u00eds, y dialogando con personas, familia, compa\u00f1eros que hab\u00edan sido v\u00edctimas del sismo.<\/p>\n<p style=\"text-align: center;\"><span style=\"color: #333399;\"><a style=\"color: #333399;\" href=\"https:\/\/www.futboltotal.com.mx\/2017\/09\/colecta-afuera-del-bernabeu-en-apoyo-a-victimas-sismo-en-mexico\/\">VER M\u00c1S:\u00a0<span class=\"item-title\">Colecta afuera del Bernab\u00e9u en apoyo a v\u00edctimas de sismo en M\u00e9xico<\/span><\/a><\/span><\/p>\n<p>&#8220;Recib\u00ed mensajes, llamadas para ayuda, para apoyar mediante la fundaci\u00f3n, y estuve coordinando muchas cosas para crear centros de acopio, y afortunadamente a m\u00ed y mi familia no nos pas\u00f3 nada porque eramos de otra ciudad (no afectada)&#8221;, se\u00f1al\u00f3 el &#8216;Principito&#8221;.<\/p>\n<p>Este fue el mensaje de Andr\u00e9s Guardado a M\u00e9xico tras el sismo de 7.1 grados.<\/p>\n<blockquote class=\"twitter-video\" data-lang=\"es\">\n<p dir=\"ltr\" lang=\"es\">El cari\u00f1oso mensaje de \u00e1nimo de <a href=\"https:\/\/twitter.com\/AGuardado18\">@AGuardado18<\/a> a su M\u00e9xico tras ganar el en Bernab\u00e9u <a href=\"https:\/\/t.co\/vxHqFFITI7\">pic.twitter.com\/vxHqFFITI7<\/a><\/p>\n<p>\u2014 El Larguero (@ellarguero) <a href=\"https:\/\/twitter.com\/ellarguero\/status\/910635177940013056\">20 de septiembre de 2017<\/a><\/p><\/blockquote>\n<p><script async src=\"\/\/platform.twitter.com\/widgets.js\" charset=\"utf-8\"><\/script><\/p>\n","protected":false},"excerpt":{"rendered":"<p>El mediocampista mexicano mand\u00f3 un caluroso mensaje a los compatriotas<\/p>\n","protected":false},"author":20,"featured_media":500965,"comment_status":"closed","ping_status":"closed","sticky":false,"template":"","format":"standard","meta":[],"categories":[3839,3844,4],"tags":[6046,65,1192,5988],"_links":{"self":[{"href":"http:\/\/desarrollo.grupomedios.com\/futbol\/wp-json\/wp\/v2\/posts\/500964"}],"collection":[{"href":"http:\/\/desarrollo.grupomedios.com\/futbol\/wp-json\/wp\/v2\/posts"}],"about":[{"href":"http:\/\/desarrollo.grupomedios.com\/futbol\/wp-json\/wp\/v2\/types\/post"}],"author":[{"embeddable":true,"href":"http:\/\/desarrollo.grupomedios.com\/futbol\/wp-json\/wp\/v2\/users\/20"}],"replies":[{"embeddable":true,"href":"http:\/\/desarrollo.grupomedios.com\/futbol\/wp-json\/wp\/v2\/comments?post=500964"}],"version-history":[{"count":1,"href":"http:\/\/desarrollo.grupomedios.com\/futbol\/wp-json\/wp\/v2\/posts\/500964\/revisions"}],"predecessor-version":[{"id":500966,"href":"http:\/\/desarrollo.grupomedios.com\/futbol\/wp-json\/wp\/v2\/posts\/500964\/revisions\/500966"}],"wp:featuredmedia":[{"embeddable":true,"href":"http:\/\/desarrollo.grupomedios.com\/futbol\/wp-json\/wp\/v2\/media\/500965"}],"wp:attachment":[{"href":"http:\/\/desarrollo.grupomedios.com\/futbol\/wp-json\/wp\/v2\/media?parent=500964"}],"wp:term":[{"taxonomy":"category","embeddable":true,"href":"http:\/\/desarrollo.grupomedios.com\/futbol\/wp-json\/wp\/v2\/categories?post=500964"},{"taxonomy":"post_tag","embeddable":true,"href":"http:\/\/desarrollo.grupomedios.com\/futbol\/wp-json\/wp\/v2\/tags?post=500964"}],"curies":[{"name":"wp","href":"https:\/\/api.w.org\/{rel}","templated":true}]}}