{"id":500972,"date":"2017-09-20T18:49:00","date_gmt":"2017-09-20T23:49:00","guid":{"rendered":"https:\/\/www.futboltotal.com.mx\/?p=500972"},"modified":"2017-09-20T18:49:00","modified_gmt":"2017-09-20T23:49:00","slug":"decio-maria-informa-tri-apoyara-sismo","status":"publish","type":"post","link":"http:\/\/desarrollo.grupomedios.com\/futbol\/futbol-mexicano\/decio-maria-informa-tri-apoyara-sismo\/2017\/09","title":{"rendered":"Decio de Mar\u00eda informa que el TRI apoyar\u00e1 por el sismo"},"content":{"rendered":"<p>El Presidente de la<strong> Federaci\u00f3n Mexicana de Futbol<\/strong>, <strong>Decio de Mar\u00eda<\/strong>, adelant\u00f3 que el organismo apoyar\u00e1 a los damnificados del sismos de este martes durante el pr\u00f3ximo partido de la <strong>Selecci\u00f3n Mexicana<\/strong>,<\/p>\n<p>\u201cPor supuesto (que vamos a apoyar), la Selecci\u00f3n Nacional, en su momento, la pr\u00f3xima semana, har\u00e1 un anuncio de lo que vamos a hacer desde la trinchera de la selecci\u00f3n nacional, como ocurri\u00f3 este fin de semana con los equipos que est\u00e1n haciendo lo propio\u201d, expres\u00f3.<\/p>\n<p>Respecto a lo que fue suspender la Jornada en todas las categor\u00edas del futbol mexicano, de Mar\u00eda coment\u00f3 que va a ser un costo que todos deben de aceptar dentro de la federaci\u00f3n.<\/p>\n<p style=\"text-align: center;\"><span style=\"color: #3366ff;\"><a style=\"color: #3366ff;\" href=\"https:\/\/www.futboltotal.com.mx\/2017\/09\/liga-mx-da-fechas-jornada-10-octavos-copa-mx\/\">VER M\u00c1S: Liga MX da fechas para Jornada 10 y octavos de Copa MX<\/a><\/span><\/p>\n<p>\u201cTodo tiene un costo y ese costo lo tendremos que asumir todos, reprogramar partidos, hacer esfuerzos adicionales para poder cumplir con el calendario y es m\u00e1s importante trabajar todos aqu\u00ed para ayudar a los que han sufrido una p\u00e9rdida humana\u201d, coment\u00f3 para en entrevista para Radio F\u00f3rmula.<\/p>\n<p>Respecto a los estadios de la <strong>Liga MX<\/strong> , expres\u00f3 que siguen esperando a las indicaciones de Protecci\u00f3n Civil, quien se ha encargado de ver los distintos recintos del pa\u00eds.<\/p>\n<p>\u201cEs el protocolo de revisi\u00f3n con las autoridades de Protecci\u00f3n Civil, se ha llevado y se sigue llevando a cabo en los distintos estadios de la <strong>Liga MX<\/strong> y de los estadios del <strong>Ascenso MX<\/strong>.<\/p>\n<p style=\"text-align: center;\"><span style=\"color: #3366ff;\"><a style=\"color: #3366ff;\" href=\"https:\/\/www.futboltotal.com.mx\/2017\/09\/raul-jimenez-dedica-gol-benfica-victimas-mexico\/\">VER M\u00c1S: Ra\u00fal Jim\u00e9nez dedica golazo con Benfica a v\u00edctimas en M\u00e9xico<\/a><\/span><\/p>\n<p>\u201cEs un trabajo que ya se inici\u00f3 y que poco a poco se han ido obteniendo los vistos buenos de Protecci\u00f3n civil de cada una de las ciudades donde hay infraestructura de futbol y decir que no hay ning\u00fan da\u00f1o\u201d, dijo.<\/p>\n","protected":false},"excerpt":{"rendered":"<p>El TRI podr\u00eda donar la taquilla del \u00faltimo partido eliminatorio.<\/p>\n","protected":false},"author":20,"featured_media":476195,"comment_status":"closed","ping_status":"closed","sticky":false,"template":"","format":"standard","meta":[],"categories":[2198,3845,3847],"tags":[223,758],"_links":{"self":[{"href":"http:\/\/desarrollo.grupomedios.com\/futbol\/wp-json\/wp\/v2\/posts\/500972"}],"collection":[{"href":"http:\/\/desarrollo.grupomedios.com\/futbol\/wp-json\/wp\/v2\/posts"}],"about":[{"href":"http:\/\/desarrollo.grupomedios.com\/futbol\/wp-json\/wp\/v2\/types\/post"}],"author":[{"embeddable":true,"href":"http:\/\/desarrollo.grupomedios.com\/futbol\/wp-json\/wp\/v2\/users\/20"}],"replies":[{"embeddable":true,"href":"http:\/\/desarrollo.grupomedios.com\/futbol\/wp-json\/wp\/v2\/comments?post=500972"}],"version-history":[{"count":1,"href":"http:\/\/desarrollo.grupomedios.com\/futbol\/wp-json\/wp\/v2\/posts\/500972\/revisions"}],"predecessor-version":[{"id":500973,"href":"http:\/\/desarrollo.grupomedios.com\/futbol\/wp-json\/wp\/v2\/posts\/500972\/revisions\/500973"}],"wp:featuredmedia":[{"embeddable":true,"href":"http:\/\/desarrollo.grupomedios.com\/futbol\/wp-json\/wp\/v2\/media\/476195"}],"wp:attachment":[{"href":"http:\/\/desarrollo.grupomedios.com\/futbol\/wp-json\/wp\/v2\/media?parent=500972"}],"wp:term":[{"taxonomy":"category","embeddable":true,"href":"http:\/\/desarrollo.grupomedios.com\/futbol\/wp-json\/wp\/v2\/categories?post=500972"},{"taxonomy":"post_tag","embeddable":true,"href":"http:\/\/desarrollo.grupomedios.com\/futbol\/wp-json\/wp\/v2\/tags?post=500972"}],"curies":[{"name":"wp","href":"https:\/\/api.w.org\/{rel}","templated":true}]}}