{"id":500991,"date":"2017-09-21T08:50:16","date_gmt":"2017-09-21T13:50:16","guid":{"rendered":"https:\/\/www.futboltotal.com.mx\/?p=500991"},"modified":"2017-09-21T08:50:16","modified_gmt":"2017-09-21T13:50:16","slug":"chapecoense-se-olvida-victimas-en-mexico-temblor","status":"publish","type":"post","link":"http:\/\/desarrollo.grupomedios.com\/futbol\/futbol-internacional\/chapecoense-se-olvida-victimas-en-mexico-temblor\/2017\/09","title":{"rendered":"Chapecoense no se olvida de v\u00edctimas en M\u00e9xico por temblor"},"content":{"rendered":"<p><strong>Chapecoense<\/strong> ha respondido a la solidaridad que recibi\u00f3 de distintas partes del mundo tras el terrible accidente a\u00e9reo que sufri\u00f3 en noviembre de 2016 y durante el partido de <strong>Copa Sudamericana<\/strong> que disput\u00f3 ante <strong>Flamengo<\/strong> ambos equipos mostraron su apoyo a las v\u00edctimas del <strong>temblor<\/strong> sufrido en <strong>M\u00e9xico<\/strong>.<\/p>\n<p>Por medio de una manta con la que posaron los dos clubes con la leyenda &#8220;M\u00e9xico estamos com voces&#8221; (M\u00e9xico estamos con ustedes), aparecieron los jugadores para las fotos de los 11 iniciales.<\/p>\n<p style=\"text-align: center;\"><a href=\"https:\/\/www.futboltotal.com.mx\/2017\/09\/rescatan-a-dos-personas-vida-en-edificio-colapsado-alvaro-obregon\/\" target=\"_blank\" rel=\"noopener noreferrer\"><span style=\"color: #333399;\">VER M\u00c1S: Rescatan a dos personas con vida en edificio colapsado de \u00c1lvaro Obreg\u00f3n<\/span><\/a><\/p>\n<p><a href=\"https:\/\/www.futboltotal.com.mx\/wp-content\/uploads\/2017\/09\/Chapecoense-Mexico-Temblor.jpg\"><img decoding=\"async\" loading=\"lazy\" class=\"aligncenter size-large wp-image-500993\" src=\"https:\/\/www.futboltotal.com.mx\/wp-content\/uploads\/2017\/09\/Chapecoense-Mexico-Temblor-1024x576.jpg\" alt=\"Chapecoense no se olvida de v\u00edctimas en M\u00e9xico por temblor 0\" srcset=\"http:\/\/desarrollo.grupomedios.com\/futbol\/wp-content\/uploads\/2017\/09\/Chapecoense-Mexico-Temblor-1024x576.jpg 1024w, http:\/\/desarrollo.grupomedios.com\/futbol\/wp-content\/uploads\/2017\/09\/Chapecoense-Mexico-Temblor-300x169.jpg 300w, http:\/\/desarrollo.grupomedios.com\/futbol\/wp-content\/uploads\/2017\/09\/Chapecoense-Mexico-Temblor-768x432.jpg 768w, http:\/\/desarrollo.grupomedios.com\/futbol\/wp-content\/uploads\/2017\/09\/Chapecoense-Mexico-Temblor-393x221.jpg 393w, http:\/\/desarrollo.grupomedios.com\/futbol\/wp-content\/uploads\/2017\/09\/Chapecoense-Mexico-Temblor.jpg 1136w\" sizes=\"(max-width: 1024px) 100vw, 1024px\" \/><\/a><\/p>\n<p>De este modo, tanto <strong>Chapecoense<\/strong> como su rival <strong>Flamengo<\/strong>, que termin\u00f3 venciendo 4-0 (global 6-0 para avanzar a Cuartos de Final), se sumaron a las muestras de apoyo al pueblo mexicano tras la tragedia s\u00edsmica que afect\u00f3 la zona\u00a0centro del pa\u00eds.<\/p>\n<p><a href=\"https:\/\/www.futboltotal.com.mx\/wp-content\/uploads\/2017\/09\/Flamengo-Mexico-Temblor.jpg\"><img decoding=\"async\" loading=\"lazy\" class=\"aligncenter size-large wp-image-500992\" src=\"https:\/\/www.futboltotal.com.mx\/wp-content\/uploads\/2017\/09\/Flamengo-Mexico-Temblor-1024x576.jpg\" alt=\"Chapecoense no se olvida de v\u00edctimas en M\u00e9xico por temblor 1\" srcset=\"http:\/\/desarrollo.grupomedios.com\/futbol\/wp-content\/uploads\/2017\/09\/Flamengo-Mexico-Temblor-1024x576.jpg 1024w, http:\/\/desarrollo.grupomedios.com\/futbol\/wp-content\/uploads\/2017\/09\/Flamengo-Mexico-Temblor-300x169.jpg 300w, http:\/\/desarrollo.grupomedios.com\/futbol\/wp-content\/uploads\/2017\/09\/Flamengo-Mexico-Temblor-768x432.jpg 768w, http:\/\/desarrollo.grupomedios.com\/futbol\/wp-content\/uploads\/2017\/09\/Flamengo-Mexico-Temblor-393x221.jpg 393w, http:\/\/desarrollo.grupomedios.com\/futbol\/wp-content\/uploads\/2017\/09\/Flamengo-Mexico-Temblor.jpg 1136w\" sizes=\"(max-width: 1024px) 100vw, 1024px\" \/><\/a><\/p>\n","protected":false},"excerpt":{"rendered":"<p>El equipo brasile\u00f1o se sum\u00f3 a las muestras de solidaridad con el pueblo mexicano.<\/p>\n","protected":false},"author":20,"featured_media":500993,"comment_status":"closed","ping_status":"closed","sticky":false,"template":"","format":"standard","meta":[],"categories":[3839],"tags":[7668,2092,755,65,758,10126],"_links":{"self":[{"href":"http:\/\/desarrollo.grupomedios.com\/futbol\/wp-json\/wp\/v2\/posts\/500991"}],"collection":[{"href":"http:\/\/desarrollo.grupomedios.com\/futbol\/wp-json\/wp\/v2\/posts"}],"about":[{"href":"http:\/\/desarrollo.grupomedios.com\/futbol\/wp-json\/wp\/v2\/types\/post"}],"author":[{"embeddable":true,"href":"http:\/\/desarrollo.grupomedios.com\/futbol\/wp-json\/wp\/v2\/users\/20"}],"replies":[{"embeddable":true,"href":"http:\/\/desarrollo.grupomedios.com\/futbol\/wp-json\/wp\/v2\/comments?post=500991"}],"version-history":[{"count":1,"href":"http:\/\/desarrollo.grupomedios.com\/futbol\/wp-json\/wp\/v2\/posts\/500991\/revisions"}],"predecessor-version":[{"id":500995,"href":"http:\/\/desarrollo.grupomedios.com\/futbol\/wp-json\/wp\/v2\/posts\/500991\/revisions\/500995"}],"wp:featuredmedia":[{"embeddable":true,"href":"http:\/\/desarrollo.grupomedios.com\/futbol\/wp-json\/wp\/v2\/media\/500993"}],"wp:attachment":[{"href":"http:\/\/desarrollo.grupomedios.com\/futbol\/wp-json\/wp\/v2\/media?parent=500991"}],"wp:term":[{"taxonomy":"category","embeddable":true,"href":"http:\/\/desarrollo.grupomedios.com\/futbol\/wp-json\/wp\/v2\/categories?post=500991"},{"taxonomy":"post_tag","embeddable":true,"href":"http:\/\/desarrollo.grupomedios.com\/futbol\/wp-json\/wp\/v2\/tags?post=500991"}],"curies":[{"name":"wp","href":"https:\/\/api.w.org\/{rel}","templated":true}]}}