{"id":500994,"date":"2017-09-21T09:06:51","date_gmt":"2017-09-21T14:06:51","guid":{"rendered":"https:\/\/www.futboltotal.com.mx\/?p=500994"},"modified":"2017-09-21T22:13:38","modified_gmt":"2017-09-22T03:13:38","slug":"ayuda-internacional-llega-mexico-tras-terremoto","status":"publish","type":"post","link":"http:\/\/desarrollo.grupomedios.com\/futbol\/cambio-de-juego\/ayuda-internacional-llega-mexico-tras-terremoto\/2017\/09","title":{"rendered":"Ayuda internacional llega a M\u00e9xico tras terremoto"},"content":{"rendered":"<p>La ayuda internacional para M\u00e9xico est\u00e1 llegando de a poco a nuestro pa\u00eds luego del sismo que se vivi\u00f3 de<strong> 7.1 grados<\/strong> en la escala de Richter y que afect\u00f3 a la <strong>Ciudad de M\u00e9xico,\u00a0Morelos, Puebla, Guerrero y el Estado de M\u00e9xico<\/strong>.<\/p>\n<p>Pa\u00edses como<strong> Chile, Honduras, Panam\u00e1 y El Salvador<\/strong> han mostrado su solidaridad y deseo de ayudar al pueblo mexicano. <strong>Chile<\/strong> mand\u00f3 un grupo de 18 topos, personas de rescate en desastres naturales, perros y materiales para labores de rescate.<\/p>\n<blockquote class=\"twitter-tweet\" data-lang=\"es\">\n<p dir=\"ltr\" lang=\"es\">Grupo USAR El Salvador arrib\u00f3 a M\u00e9xico hoy, esta a la espera que Protecci\u00f3n Civil Mx le asigne zona de trabajo. <a href=\"https:\/\/t.co\/Vr43r2TON5\">pic.twitter.com\/Vr43r2TON5<\/a><\/p>\n<p>\u2014 PROTECCI\u00d3N CIVIL E.S (@PROCIVILSV) <a href=\"https:\/\/twitter.com\/PROCIVILSV\/status\/910658812746625024\">21 de septiembre de 2017<\/a><\/p><\/blockquote>\n<p><script async src=\"\/\/platform.twitter.com\/widgets.js\" charset=\"utf-8\"><\/script><\/p>\n<p style=\"text-align: center;\"><span style=\"color: #333399;\"><a style=\"color: #333399;\" href=\"https:\/\/www.futboltotal.com.mx\/2017\/09\/rescatan-a-dos-personas-vida-en-edificio-colapsado-alvaro-obregon\/\" target=\"_blank\" rel=\"noopener noreferrer\">VER M\u00c1S: Rescatan con vida a dos personas en edificio colapsado de \u00c1lvaro Obreg\u00f3n<\/a><\/span><\/p>\n<p><strong>Honduras<\/strong> anunci\u00f3, de igual manera, el env\u00edo de 36 rescatistas del grupo llamado\u00a0&#8216;Katrachos Usar&#8217;, que ayudar\u00e1n en las labores de b\u00fasqueda y rescate. Mientras que el gobierno de <strong>Panam\u00e1<\/strong> ha enviado a 35 personas y 4 canes; el Grupo USAR de\u00a0<strong>El Salvador s<\/strong>e encuentra en espera de indicaciones por parte de Protecci\u00f3n Civil para que le asignen una zona de trabajo, luego de su llegada al pa\u00eds.<\/p>\n<p>Bomberos de Bogot\u00e1,<strong> Colombia<\/strong> tambi\u00e9n se han declarado &#8220;listos para viajar a M\u00e9xico en apoyo a emergencia por terremoto&#8221;.<\/p>\n<blockquote class=\"twitter-tweet\" data-lang=\"es\">\n<p dir=\"ltr\" lang=\"es\"><a href=\"https:\/\/twitter.com\/hashtag\/AEstaHora?src=hash\">#AEstaHora<\/a> grupo de B\u00fasqueda y Rescate de <a href=\"https:\/\/twitter.com\/BomberosBogota\">@BomberosBogota<\/a> listos para viajar a M\u00e9xico en apoyo a emergencia por terremoto &#x1f1f2;&#x1f1fd;&#x1f1e8;&#x1f1f4;<a href=\"https:\/\/twitter.com\/hashtag\/FuerzaMexico?src=hash\">#FuerzaMexico<\/a> <a href=\"https:\/\/t.co\/M2Rzbe3EaD\">pic.twitter.com\/M2Rzbe3EaD<\/a><\/p>\n<p>\u2014 Bomberos de Bogot\u00e1 (@BomberosBogota) <a href=\"https:\/\/twitter.com\/BomberosBogota\/status\/910815602482274304\">21 de septiembre de 2017<\/a><\/p><\/blockquote>\n<p><script async src=\"\/\/platform.twitter.com\/widgets.js\" charset=\"utf-8\"><\/script><\/p>\n<p>Por otro lado,<strong> Israel<\/strong> mando cerca de 70 soldados, especialistas en derrumbes e ingenieros que revisar\u00e1n la seguridad de inmuebles con el objetivo de ayudar a la poblaci\u00f3n mexicana.\u00a0<strong>Jap\u00f3n\u00a0<\/strong>comenz\u00f3 a mandar brigadistas; son 72 personas, 4 perros, adem\u00e1s de material de rescate.<\/p>\n<blockquote class=\"twitter-tweet\" data-lang=\"es\">\n<p dir=\"ltr\" lang=\"ja\"><a href=\"https:\/\/twitter.com\/hashtag\/%E3%83%A1%E3%82%AD%E3%82%B7%E3%82%B3?src=hash\">#\u30e1\u30ad\u30b7\u30b3<\/a> \u56fd\u6c11\u3068\u653f\u5e9c\u306f <a href=\"https:\/\/twitter.com\/hashtag\/%E6%97%A5%E6%9C%AC?src=hash\">#\u65e5\u672c<\/a> \u306e\u7686\u3055\u3093\u304b\u3089\u306e\u5c0a\u3044\u652f\u63f4\u3068\u56e3\u7d50\u306e\u8a3c\u306b\u6df1\u304f\u611f\u8b1d\u3057\u307e\u3059\u3002&#x1f1f2;&#x1f1fd; &#x1f1ef;&#x1f1f5; <a href=\"https:\/\/t.co\/a7jNeBQBs4\">pic.twitter.com\/a7jNeBQBs4<\/a><\/p>\n<p>\u2014 EmbMexJap\u00f3n (@EmbMexJapon) <a href=\"https:\/\/twitter.com\/EmbMexJapon\/status\/910703242287312896\">21 de septiembre de 2017<\/a><\/p><\/blockquote>\n<p><script async src=\"\/\/platform.twitter.com\/widgets.js\" charset=\"utf-8\"><\/script><\/p>\n<blockquote class=\"twitter-tweet\" data-lang=\"es\">\n<p dir=\"ltr\" lang=\"en\">The IDF&#8217;s aid delegation to Mexico, moments before lifting off <a href=\"https:\/\/t.co\/tKBWckZYnt\">pic.twitter.com\/tKBWckZYnt<\/a><\/p>\n<p>\u2014 IDF (@IDFSpokesperson) <a href=\"https:\/\/twitter.com\/IDFSpokesperson\/status\/910512626261790720\">20 de septiembre de 2017<\/a><\/p><\/blockquote>\n<p><script async src=\"\/\/platform.twitter.com\/widgets.js\" charset=\"utf-8\"><\/script><\/p>\n<p>Otro pa\u00eds que se ha sumado es <strong>Estados Unidos<\/strong>, adem\u00e1s de que se anunci\u00f3 que se realiz\u00f3 una petici\u00f3n oficial a la <strong>ONU<\/strong> de equipos de rescate.<\/p>\n<p style=\"text-align: center;\"><span style=\"color: #333399;\"><a style=\"color: #333399;\" href=\"https:\/\/www.futboltotal.com.mx\/2017\/09\/suspenden-la-jornada-10-la-liga-mx\/\" target=\"_blank\" rel=\"noopener noreferrer\">VER M\u00c1S: Suspenden Jornada 10 de Liga MX<\/a><\/span><\/p>\n<p>&nbsp;<\/p>\n","protected":false},"excerpt":{"rendered":"<p>Otros pa\u00edses se han volcado en ayuda para M\u00e9xico<\/p>\n","protected":false},"author":20,"featured_media":501001,"comment_status":"closed","ping_status":"closed","sticky":false,"template":"","format":"standard","meta":[],"categories":[5419],"tags":[7151,406,404,10288,10289,800,1589,126,2041,4192,625,5969,758,10153],"_links":{"self":[{"href":"http:\/\/desarrollo.grupomedios.com\/futbol\/wp-json\/wp\/v2\/posts\/500994"}],"collection":[{"href":"http:\/\/desarrollo.grupomedios.com\/futbol\/wp-json\/wp\/v2\/posts"}],"about":[{"href":"http:\/\/desarrollo.grupomedios.com\/futbol\/wp-json\/wp\/v2\/types\/post"}],"author":[{"embeddable":true,"href":"http:\/\/desarrollo.grupomedios.com\/futbol\/wp-json\/wp\/v2\/users\/20"}],"replies":[{"embeddable":true,"href":"http:\/\/desarrollo.grupomedios.com\/futbol\/wp-json\/wp\/v2\/comments?post=500994"}],"version-history":[{"count":2,"href":"http:\/\/desarrollo.grupomedios.com\/futbol\/wp-json\/wp\/v2\/posts\/500994\/revisions"}],"predecessor-version":[{"id":501011,"href":"http:\/\/desarrollo.grupomedios.com\/futbol\/wp-json\/wp\/v2\/posts\/500994\/revisions\/501011"}],"wp:featuredmedia":[{"embeddable":true,"href":"http:\/\/desarrollo.grupomedios.com\/futbol\/wp-json\/wp\/v2\/media\/501001"}],"wp:attachment":[{"href":"http:\/\/desarrollo.grupomedios.com\/futbol\/wp-json\/wp\/v2\/media?parent=500994"}],"wp:term":[{"taxonomy":"category","embeddable":true,"href":"http:\/\/desarrollo.grupomedios.com\/futbol\/wp-json\/wp\/v2\/categories?post=500994"},{"taxonomy":"post_tag","embeddable":true,"href":"http:\/\/desarrollo.grupomedios.com\/futbol\/wp-json\/wp\/v2\/tags?post=500994"}],"curies":[{"name":"wp","href":"https:\/\/api.w.org\/{rel}","templated":true}]}}