{"id":501014,"date":"2017-09-21T10:05:45","date_gmt":"2017-09-21T15:05:45","guid":{"rendered":"https:\/\/www.futboltotal.com.mx\/?p=501014"},"modified":"2017-09-21T10:05:45","modified_gmt":"2017-09-21T15:05:45","slug":"bayern-munich-ensena-a-neymar-cavani-decidir-cobra","status":"publish","type":"post","link":"http:\/\/desarrollo.grupomedios.com\/futbol\/futbol-internacional\/bayern-munich-ensena-a-neymar-cavani-decidir-cobra\/2017\/09","title":{"rendered":"Bayern Munich ense\u00f1a a Neymar y Cavani c\u00f3mo decidir qui\u00e9n cobra"},"content":{"rendered":"<p>Luego que los jugadores del <strong>Paris Saint-Germain<\/strong>, <span style=\"color: #333399;\"><a style=\"color: #333399;\" href=\"https:\/\/www.futboltotal.com.mx\/2017\/09\/asi-fue-la-discusion-neymar-cavani-en-triunfo-del-psg\/\" target=\"_blank\" rel=\"noopener noreferrer\"><strong>Edinson Cavani<\/strong> y <strong>Neymar Jr<\/strong> se &#8216;pelearan&#8217; por ver qui\u00e9n cobraba<\/a><\/span> una pena m\u00e1xima, recordamos un pasaje del Bayern Munich que podr\u00eda serle de gran utilidad a ambos futbolistas.<\/p>\n<p>En la temporada de 2012, <strong>Bayern Munich<\/strong> se enfrent\u00f3 al <strong>Hertha Berlin<\/strong>, cuando el marcador se encontraba empatado sin goles, al minuto 14 se present\u00f3 un tiro de falta:<\/p>\n<p style=\"text-align: center;\"><span style=\"color: #333399;\"><a style=\"color: #333399;\" href=\"https:\/\/www.futboltotal.com.mx\/2017\/09\/ayuda-internacional-llega-mexico-tras-terremoto\/\" target=\"_blank\" rel=\"noopener noreferrer\">VER M\u00c1S: Ayuda internacional llega a M\u00e9xico tras terremoto<\/a><\/span><\/p>\n<p><strong>Toni Kroos<\/strong>, hoy jugador del Real Madrid,\u00a0y <strong>Frank Ribery<\/strong>, tuvieron un cobro de falta en tiro libre y al no decidirse qui\u00e9n iba a cobrar el penal, decidieron hacer un <strong>&#8220;piedra, papel o tijeras&#8221;<\/strong>.<\/p>\n<p><iframe loading=\"lazy\" src=\"https:\/\/www.youtube.com\/embed\/ZzWsPmbKcyI?feature=oembed\" frameborder=\"0\" allowfullscreen><\/iframe><\/p>\n<p><strong>Unai Emery<\/strong> deber\u00eda pensar en una opci\u00f3n como esta para no presenciar otra pelea como la que se dio entre los dos jugadores sudamericanos.<\/p>\n<p style=\"text-align: center;\"><span style=\"color: #333399;\"><a style=\"color: #333399;\" href=\"https:\/\/www.futboltotal.com.mx\/2017\/09\/conoce-centro-acopio-cdmx-tras-temblor-mexico\/\" target=\"_blank\" rel=\"noopener noreferrer\">VER M\u00c1S: Conoce los centros de acopio en la CDMX<\/a><\/span><\/p>\n","protected":false},"excerpt":{"rendered":"<p>Los sudamericanos se pelearon por cobrar un penal<\/p>\n","protected":false},"author":20,"featured_media":501016,"comment_status":"closed","ping_status":"closed","sticky":false,"template":"","format":"standard","meta":[],"categories":[3839],"tags":[2056,2449,3679,6001,6910],"_links":{"self":[{"href":"http:\/\/desarrollo.grupomedios.com\/futbol\/wp-json\/wp\/v2\/posts\/501014"}],"collection":[{"href":"http:\/\/desarrollo.grupomedios.com\/futbol\/wp-json\/wp\/v2\/posts"}],"about":[{"href":"http:\/\/desarrollo.grupomedios.com\/futbol\/wp-json\/wp\/v2\/types\/post"}],"author":[{"embeddable":true,"href":"http:\/\/desarrollo.grupomedios.com\/futbol\/wp-json\/wp\/v2\/users\/20"}],"replies":[{"embeddable":true,"href":"http:\/\/desarrollo.grupomedios.com\/futbol\/wp-json\/wp\/v2\/comments?post=501014"}],"version-history":[{"count":1,"href":"http:\/\/desarrollo.grupomedios.com\/futbol\/wp-json\/wp\/v2\/posts\/501014\/revisions"}],"predecessor-version":[{"id":501018,"href":"http:\/\/desarrollo.grupomedios.com\/futbol\/wp-json\/wp\/v2\/posts\/501014\/revisions\/501018"}],"wp:featuredmedia":[{"embeddable":true,"href":"http:\/\/desarrollo.grupomedios.com\/futbol\/wp-json\/wp\/v2\/media\/501016"}],"wp:attachment":[{"href":"http:\/\/desarrollo.grupomedios.com\/futbol\/wp-json\/wp\/v2\/media?parent=501014"}],"wp:term":[{"taxonomy":"category","embeddable":true,"href":"http:\/\/desarrollo.grupomedios.com\/futbol\/wp-json\/wp\/v2\/categories?post=501014"},{"taxonomy":"post_tag","embeddable":true,"href":"http:\/\/desarrollo.grupomedios.com\/futbol\/wp-json\/wp\/v2\/tags?post=501014"}],"curies":[{"name":"wp","href":"https:\/\/api.w.org\/{rel}","templated":true}]}}