{"id":501017,"date":"2017-09-21T10:30:52","date_gmt":"2017-09-21T15:30:52","guid":{"rendered":"https:\/\/www.futboltotal.com.mx\/?p=501017"},"modified":"2017-09-21T14:21:28","modified_gmt":"2017-09-21T19:21:28","slug":"eduardo-herrera-gullit-pena-rangers-impulsan-apoyo-a-mexico","status":"publish","type":"post","link":"http:\/\/desarrollo.grupomedios.com\/futbol\/cambio-de-juego\/eduardo-herrera-gullit-pena-rangers-impulsan-apoyo-a-mexico\/2017\/09","title":{"rendered":"Eduardo Herrera, Gullit Pe\u00f1a y Rangers impulsan apoyo a M\u00e9xico"},"content":{"rendered":"<p>Los futbolistas mexicanos <strong>Eduardo Herrera<\/strong> y <strong>Carlos <em>Gullit<\/em> Pe\u00f1a<\/strong> junto con su equipo, el\u00a0<strong>Glasgow Rangers<\/strong> de <strong>Escocia<\/strong>, se han sumado a las iniciativas para ayudar a las v\u00edctimas del temblor que afect\u00f3 a M\u00e9xico el pasado 19 de septiembre.<\/p>\n<p>Los dos jugadores aztecas, junto con el t\u00e9cnico portugu\u00e9s <strong>Pedro Caixinha<\/strong> y un directivo del club, revelaron en redes sociales que el equipo escoc\u00e9s, por medio de su fundaci\u00f3n, hizo una donaci\u00f3n a la UNICEF espec\u00edficamente para los damnificados del sismo en el centro del territorio mexicano.<\/p>\n<p style=\"text-align: center;\"><a href=\"https:\/\/www.futboltotal.com.mx\/2017\/09\/ayuda-internacional-llega-mexico-tras-terremoto\/\" target=\"_blank\" rel=\"noopener noreferrer\"><span style=\"color: #333399;\">VER M\u00c1S: Ayuda internacional llega a M\u00e9xico tras terremoto<\/span><\/a><\/p>\n<p><strong>Herrera<\/strong> y <em><strong>Gullit<\/strong><\/em>, junto\u00a0al t\u00e9cnico lusitano ex de <strong>Santos Laguna<\/strong> aparecen mostrando una manta donde se puede leer el sitio web para\u00a0que la gente realice aportaciones econ\u00f3micas.<\/p>\n<p><a href=\"https:\/\/www.futboltotal.com.mx\/wp-content\/uploads\/2017\/09\/Lalo-Herrera-Gullit-Pena-Rangers-Temblor-Mexico.jpg\"><img decoding=\"async\" loading=\"lazy\" class=\"aligncenter size-large wp-image-501019\" src=\"https:\/\/www.futboltotal.com.mx\/wp-content\/uploads\/2017\/09\/Lalo-Herrera-Gullit-Pena-Rangers-Temblor-Mexico-1024x576.jpg\" alt=\"Eduardo Herrera, Gullit Pe\u00f1a y Rangers impulsan apoyo a M\u00e9xico 0\" srcset=\"http:\/\/desarrollo.grupomedios.com\/futbol\/wp-content\/uploads\/2017\/09\/Lalo-Herrera-Gullit-Pena-Rangers-Temblor-Mexico-1024x576.jpg 1024w, http:\/\/desarrollo.grupomedios.com\/futbol\/wp-content\/uploads\/2017\/09\/Lalo-Herrera-Gullit-Pena-Rangers-Temblor-Mexico-300x169.jpg 300w, http:\/\/desarrollo.grupomedios.com\/futbol\/wp-content\/uploads\/2017\/09\/Lalo-Herrera-Gullit-Pena-Rangers-Temblor-Mexico-768x432.jpg 768w, http:\/\/desarrollo.grupomedios.com\/futbol\/wp-content\/uploads\/2017\/09\/Lalo-Herrera-Gullit-Pena-Rangers-Temblor-Mexico-393x221.jpg 393w, http:\/\/desarrollo.grupomedios.com\/futbol\/wp-content\/uploads\/2017\/09\/Lalo-Herrera-Gullit-Pena-Rangers-Temblor-Mexico.jpg 1136w\" sizes=\"(max-width: 1024px) 100vw, 1024px\" \/><\/a><\/p>\n","protected":false},"excerpt":{"rendered":"<p>Los jugadores mexicanos y el club escoc\u00e9s promueven iniciativa de UNICEF.<\/p>\n","protected":false},"author":20,"featured_media":501019,"comment_status":"closed","ping_status":"closed","sticky":false,"template":"","format":"standard","meta":[],"categories":[5419],"tags":[1140,1237,1754,65,10126,8635],"_links":{"self":[{"href":"http:\/\/desarrollo.grupomedios.com\/futbol\/wp-json\/wp\/v2\/posts\/501017"}],"collection":[{"href":"http:\/\/desarrollo.grupomedios.com\/futbol\/wp-json\/wp\/v2\/posts"}],"about":[{"href":"http:\/\/desarrollo.grupomedios.com\/futbol\/wp-json\/wp\/v2\/types\/post"}],"author":[{"embeddable":true,"href":"http:\/\/desarrollo.grupomedios.com\/futbol\/wp-json\/wp\/v2\/users\/20"}],"replies":[{"embeddable":true,"href":"http:\/\/desarrollo.grupomedios.com\/futbol\/wp-json\/wp\/v2\/comments?post=501017"}],"version-history":[{"count":1,"href":"http:\/\/desarrollo.grupomedios.com\/futbol\/wp-json\/wp\/v2\/posts\/501017\/revisions"}],"predecessor-version":[{"id":501021,"href":"http:\/\/desarrollo.grupomedios.com\/futbol\/wp-json\/wp\/v2\/posts\/501017\/revisions\/501021"}],"wp:featuredmedia":[{"embeddable":true,"href":"http:\/\/desarrollo.grupomedios.com\/futbol\/wp-json\/wp\/v2\/media\/501019"}],"wp:attachment":[{"href":"http:\/\/desarrollo.grupomedios.com\/futbol\/wp-json\/wp\/v2\/media?parent=501017"}],"wp:term":[{"taxonomy":"category","embeddable":true,"href":"http:\/\/desarrollo.grupomedios.com\/futbol\/wp-json\/wp\/v2\/categories?post=501017"},{"taxonomy":"post_tag","embeddable":true,"href":"http:\/\/desarrollo.grupomedios.com\/futbol\/wp-json\/wp\/v2\/tags?post=501017"}],"curies":[{"name":"wp","href":"https:\/\/api.w.org\/{rel}","templated":true}]}}