{"id":501027,"date":"2017-09-21T11:20:53","date_gmt":"2017-09-21T16:20:53","guid":{"rendered":"https:\/\/www.futboltotal.com.mx\/?p=501027"},"modified":"2017-09-21T11:23:35","modified_gmt":"2017-09-21T16:23:35","slug":"201709decio-maria-se-ofendio-no-antendi-llamado-marcelo-bielsa","status":"publish","type":"post","link":"http:\/\/desarrollo.grupomedios.com\/futbol\/futbol-mexicano\/201709decio-maria-se-ofendio-no-antendi-llamado-marcelo-bielsa\/2017\/09","title":{"rendered":"Decio de Mar\u00eda se ofendi\u00f3 porque no atend\u00ed el llamado: Marcelo Bielsa"},"content":{"rendered":"<p>El estratega argentino, <strong>Marcelo Bielsa<\/strong>, dio una conferencia de prensa, en la que adem\u00e1s de explicar el por qu\u00e9 de su salida del <strong>Olympique de Marsella<\/strong>, indic\u00f3 que recibi\u00f3 el llamado para dirigir a la<strong> Selecci\u00f3n de M\u00e9xico<\/strong>, pero no atendi\u00f3 el llamado.<\/p>\n<blockquote><p>&#8220;El otro d\u00eda una autoridad anterior de Marsella, dijo que me hab\u00eda ido porque estaba\u00a0sobrepasado por la presi\u00f3n de dirigir\u00a0a Marsella, ya me voy a acordar del nombre de esta persona,. Cuando yo renunci\u00e9 a Marsella, este hombre, que despu\u00e9s del partido estaba alcoholizado empez\u00f3 a gritarle a mis compa\u00f1eros<strong> &#8216;\u00a1M\u00e9xico, M\u00e9xico, M\u00e9xico!&#8217;<\/strong>, como que <strong>yo me iba a dirigir a M\u00e9xico<\/strong> y por eso renunciaba&#8221;, coment\u00f3 el estratega del <strong>Lille LOSC<\/strong>.<\/p><\/blockquote>\n<p style=\"text-align: center;\"><span style=\"color: #333399;\"><a style=\"color: #333399;\" href=\"https:\/\/www.futboltotal.com.mx\/2017\/09\/bayern-munich-ensena-a-neymar-cavani-decidir-cobra\/\" target=\"_blank\" rel=\"noopener noreferrer\">VER M\u00c1S: Bayern Munich ense\u00f1a a Neymar y Cavani c\u00f3mo se elige qui\u00e9n cobra<\/a><\/span><\/p>\n<p>Luego indic\u00f3 que s\u00ed recibi\u00f3 la llamada para dirigir al Tri, sin embargo, no la atendi\u00f3 para no generar malos entendidos.<\/p>\n<blockquote><p>&#8220;El presidente de la <strong>Federaci\u00f3n de M\u00e9xico s\u00ed me llam\u00f3<\/strong> y <strong>se ofendi\u00f3 porque yo no le atend\u00ed el llamado<\/strong> y no lo hice, justamente para que no hubiera la m\u00e1s m\u00ednima posibilidad de que alguien pudiera vincular mi salida de Marsella con otra opci\u00f3n de trabajo&#8221;, expres\u00f3 el argentino.<\/p><\/blockquote>\n<p>Por \u00faltimo indic\u00f3 que su salida del club franc\u00e9s se dio porque le quer\u00edan quitar el 10% de su contrato sin raz\u00f3n alguna.<\/p>\n<p><iframe loading=\"lazy\" src=\"https:\/\/www.youtube.com\/embed\/FCbIES-Nq9Q?start=3134&#038;feature=oembed\" frameborder=\"0\" allowfullscreen><\/iframe><\/p>\n<p style=\"text-align: center;\"><span style=\"color: #333399;\"><a style=\"color: #333399;\" href=\"https:\/\/www.futboltotal.com.mx\/2017\/09\/la-conmovedora-reflexion-oribe-peralta-tras-sismo\/\" target=\"_blank\" rel=\"noopener noreferrer\">VER M\u00c1S: La conmovedora reflexi\u00f3n de Oribe Peralta tras el sismo\u00a0<\/a><\/span><\/p>\n","protected":false},"excerpt":{"rendered":"<p>El estratega explot\u00f3 ante la prensa en Francia<\/p>\n","protected":false},"author":20,"featured_media":501028,"comment_status":"closed","ping_status":"closed","sticky":false,"template":"","format":"standard","meta":[],"categories":[2198,3847],"tags":[956,1173,65,409],"_links":{"self":[{"href":"http:\/\/desarrollo.grupomedios.com\/futbol\/wp-json\/wp\/v2\/posts\/501027"}],"collection":[{"href":"http:\/\/desarrollo.grupomedios.com\/futbol\/wp-json\/wp\/v2\/posts"}],"about":[{"href":"http:\/\/desarrollo.grupomedios.com\/futbol\/wp-json\/wp\/v2\/types\/post"}],"author":[{"embeddable":true,"href":"http:\/\/desarrollo.grupomedios.com\/futbol\/wp-json\/wp\/v2\/users\/20"}],"replies":[{"embeddable":true,"href":"http:\/\/desarrollo.grupomedios.com\/futbol\/wp-json\/wp\/v2\/comments?post=501027"}],"version-history":[{"count":3,"href":"http:\/\/desarrollo.grupomedios.com\/futbol\/wp-json\/wp\/v2\/posts\/501027\/revisions"}],"predecessor-version":[{"id":501032,"href":"http:\/\/desarrollo.grupomedios.com\/futbol\/wp-json\/wp\/v2\/posts\/501027\/revisions\/501032"}],"wp:featuredmedia":[{"embeddable":true,"href":"http:\/\/desarrollo.grupomedios.com\/futbol\/wp-json\/wp\/v2\/media\/501028"}],"wp:attachment":[{"href":"http:\/\/desarrollo.grupomedios.com\/futbol\/wp-json\/wp\/v2\/media?parent=501027"}],"wp:term":[{"taxonomy":"category","embeddable":true,"href":"http:\/\/desarrollo.grupomedios.com\/futbol\/wp-json\/wp\/v2\/categories?post=501027"},{"taxonomy":"post_tag","embeddable":true,"href":"http:\/\/desarrollo.grupomedios.com\/futbol\/wp-json\/wp\/v2\/tags?post=501027"}],"curies":[{"name":"wp","href":"https:\/\/api.w.org\/{rel}","templated":true}]}}