{"id":501031,"date":"2017-09-21T11:37:44","date_gmt":"2017-09-21T16:37:44","guid":{"rendered":"https:\/\/www.futboltotal.com.mx\/?p=501031"},"modified":"2017-09-22T13:21:31","modified_gmt":"2017-09-22T18:21:31","slug":"201709west-ham-subartara-playeras-ayudar-a-mexico","status":"publish","type":"post","link":"http:\/\/desarrollo.grupomedios.com\/futbol\/futbol-internacional\/201709west-ham-subartara-playeras-ayudar-a-mexico\/2017\/09","title":{"rendered":"West Ham subastar\u00e1 playeras para ayudar a M\u00e9xico"},"content":{"rendered":"<p><strong>West Ham<\/strong> se uni\u00f3 a la iniciativa realizada por el delantero <strong>Javier Chicharito Hern\u00e1ndez<\/strong> para recolectar fondos en beneficio de las v\u00edctimas del sismo en M\u00e9xico y todas las camisetas utilizadas por los jugadores en el derby de Londres ante el<strong> Tottenham Hotspur<\/strong> ser\u00e1n subastadas.<\/p>\n<p>Las playeras de ese juego podr\u00e1n ser adquiridas por los aficionados, tras lo cual se duplicar\u00e1\u00a0lo obtenido por cada camiseta, cantidad que se destinar\u00e1 a\u00a0<b>#YoXMexico<\/b>, plataforma creada por\u00a0<b>Javier Hern\u00e1ndez<\/b>\u00a0y\u00a0<b>Miguel Lay\u00fan<\/b>.<\/p>\n<p style=\"text-align: center;\"><span style=\"color: #333399;\"><a style=\"color: #333399;\" href=\"https:\/\/www.futboltotal.com.mx\/2017\/09\/la-conmovedora-reflexion-oribe-peralta-tras-sismo\/\" target=\"_blank\" rel=\"noopener noreferrer\">VER M\u00c1S: La conmovedora reflexi\u00f3n de Oribe Peralta tras sismo<\/a><\/span><\/p>\n<blockquote><p>&#8220;Todos nos hemos conmovido por las noticias y los efectos devastadores del terremoto del martes en M\u00e9xico . Si bien los desastres como este pueden parecer muy lejanos, es importante que sigamos ayudando donde podamos\u201d, expres\u00f3 el co-presidente del\u00a0<b>West Ham<\/b>, David Sullivan.<\/p><\/blockquote>\n<p>&#8220;Javier ha unido fuerzas con\u00a0<b>Miguel Lay\u00fan<\/b>\u00a0para recaudar fondos para ayudar a sus compatriotas en su momento de necesidad, y confiamos que esta subasta ser\u00e1 capaz de recaudar una cantidad significativa para su iniciativa. Aunque es solo un peque\u00f1o gesto del club, vamos a duplicar cualquier cantidad conseguida por la subasta, lo que esperamos pueda hacer una peque\u00f1a diferencia para el pueblo de M\u00e9xico&#8221;, agreg\u00f3 Sullivan.<\/p>\n<p>La subasta tendr\u00e1 una duraci\u00f3n de 7 d\u00edas, es decir, terminar\u00e1 hasta el <strong>martes 26 de septiembre<\/strong> a las 17:00 horas, tiempo de Londres y la puja se har\u00e1 a trav\u00e9s de\u00a0<span style=\"color: #333399;\"><a style=\"color: #333399;\" href=\"https:\/\/www.officialwesthamauction.com\/\" data-cms-ai=\"0\">www.officialwesthamauction.com<\/a><\/span><\/p>\n<p style=\"text-align: center;\"><span style=\"color: #333399;\"><a style=\"color: #333399;\" href=\"https:\/\/www.futboltotal.com.mx\/2017\/09\/bayern-munich-ensena-a-neymar-cavani-decidir-cobra\/\" target=\"_blank\" rel=\"noopener noreferrer\">VER M\u00c1S: Bayern Munich ense\u00f1a a Neymar y Cavani\u00a0c\u00f3mo decidir qui\u00e9n cobra<\/a><\/span><\/p>\n","protected":false},"excerpt":{"rendered":"<p>El equipo se unir\u00e1 a la iniciativa de Chicharito Hern\u00e1ndez<\/p>\n","protected":false},"author":20,"featured_media":501033,"comment_status":"closed","ping_status":"closed","sticky":false,"template":"","format":"standard","meta":[],"categories":[3839],"tags":[120,65,758,10153,1743],"_links":{"self":[{"href":"http:\/\/desarrollo.grupomedios.com\/futbol\/wp-json\/wp\/v2\/posts\/501031"}],"collection":[{"href":"http:\/\/desarrollo.grupomedios.com\/futbol\/wp-json\/wp\/v2\/posts"}],"about":[{"href":"http:\/\/desarrollo.grupomedios.com\/futbol\/wp-json\/wp\/v2\/types\/post"}],"author":[{"embeddable":true,"href":"http:\/\/desarrollo.grupomedios.com\/futbol\/wp-json\/wp\/v2\/users\/20"}],"replies":[{"embeddable":true,"href":"http:\/\/desarrollo.grupomedios.com\/futbol\/wp-json\/wp\/v2\/comments?post=501031"}],"version-history":[{"count":2,"href":"http:\/\/desarrollo.grupomedios.com\/futbol\/wp-json\/wp\/v2\/posts\/501031\/revisions"}],"predecessor-version":[{"id":501163,"href":"http:\/\/desarrollo.grupomedios.com\/futbol\/wp-json\/wp\/v2\/posts\/501031\/revisions\/501163"}],"wp:featuredmedia":[{"embeddable":true,"href":"http:\/\/desarrollo.grupomedios.com\/futbol\/wp-json\/wp\/v2\/media\/501033"}],"wp:attachment":[{"href":"http:\/\/desarrollo.grupomedios.com\/futbol\/wp-json\/wp\/v2\/media?parent=501031"}],"wp:term":[{"taxonomy":"category","embeddable":true,"href":"http:\/\/desarrollo.grupomedios.com\/futbol\/wp-json\/wp\/v2\/categories?post=501031"},{"taxonomy":"post_tag","embeddable":true,"href":"http:\/\/desarrollo.grupomedios.com\/futbol\/wp-json\/wp\/v2\/tags?post=501031"}],"curies":[{"name":"wp","href":"https:\/\/api.w.org\/{rel}","templated":true}]}}