{"id":501052,"date":"2017-09-21T14:20:15","date_gmt":"2017-09-21T19:20:15","guid":{"rendered":"https:\/\/www.futboltotal.com.mx\/?p=501052"},"modified":"2017-09-21T14:23:06","modified_gmt":"2017-09-21T19:23:06","slug":"201709golazo-ronaldinho-tunel-sin-tocar-balon","status":"publish","type":"post","link":"http:\/\/desarrollo.grupomedios.com\/futbol\/futbol-internacional\/201709golazo-ronaldinho-tunel-sin-tocar-balon\/2017\/09","title":{"rendered":"Golazo de Ronaldinho con t\u00fanel sin tocar el bal\u00f3n"},"content":{"rendered":"<p>El jugador brasile\u00f1o, <strong>Ronaldinho<\/strong> hizo un golazo en el futbol sala que se hizo viral por la genialidad del jugador.<\/p>\n<p>Luego de un rebote, le mandaron un pase, el cual dej\u00f3 pasar entre sus piernas para quitarse al arquero y as\u00ed lograr anotar caminando el gol.<\/p>\n<blockquote class=\"twitter-video\" data-lang=\"es\">\n<p dir=\"ltr\" lang=\"es\">Recepci\u00f3n, ca\u00f1o de espaldas y definici\u00f3n sin mirar. Simplemente, Ronaldinho Ga\u00facho&#8230; <a href=\"https:\/\/t.co\/hqfU0ciYVO\">pic.twitter.com\/hqfU0ciYVO<\/a><\/p>\n<p>\u2014 ElDesmarque Bar\u00e7a (@ElDesmarque_FCB) <a href=\"https:\/\/twitter.com\/ElDesmarque_FCB\/status\/910907492112175105\">21 de septiembre de 2017<\/a><\/p><\/blockquote>\n<p><script async src=\"\/\/platform.twitter.com\/widgets.js\" charset=\"utf-8\"><\/script><\/p>\n<p style=\"text-align: center;\"><span style=\"color: #333399;\"><a href=\"https:\/\/www.futboltotal.com.mx\/2017\/09\/la-conmovedora-reflexion-oribe-peralta-tras-sismo\/\" target=\"_blank\" rel=\"noopener\">VER M\u00c1S: Conmovedora reflexi\u00f3n de Oribe Peralta tras sismo<\/a><\/span><\/p>\n<p>El jugador hizo referencia a su gol a trav\u00e9s de <strong>Facebook<\/strong>, indicando que esa anotaci\u00f3n lo hizo regresar a su tiempo de ni\u00f1o y se lo dedic\u00f3 a <strong>Cleon Espinoza<\/strong> su primer entrenador en el futbol sala.<\/p>\n<p>&nbsp;<\/p>\n<div class=\"fb-video\" data-href=\"https:\/\/www.facebook.com\/ronaldinho\/videos\/1419965418100822\/\" data-data-show-text=\"false\">\n<blockquote class=\"fb-xfbml-parse-ignore\" cite=\"https:\/\/www.facebook.com\/ronaldinho\/videos\/1419965418100822\/\"><p>&nbsp;<\/p>\n<p>Mais um dia me divertindo e fazendo o que amo! \u26bd<br \/>\nEsse gol me fez voltar no tempo de crian\u00e7a, onde aprendi muito com o futsal. Ent\u00e3o esse gol eu dedico a fam\u00edlia Espinoza, em especial ao meu primeiro treinador de futsal, que me ensiou muito, Cleon Espinoza, te levo sempre no meu cora\u00e7\u00e3o, voc\u00ea e fam\u00edlia. Um grande abra\u00e7o do teu filho preto aqui kkkkkk<br \/>\nRonaldinho Globe Street Team<\/p>\n<p>Posted by <a href=\"https:\/\/www.facebook.com\/ronaldinho\/\">Ronaldinho Ga\u00facho<\/a> on Wednesday, September 20, 2017<\/p><\/blockquote>\n<\/div>\n","protected":false},"excerpt":{"rendered":"<p>El brasile\u00f1o sigue demostrando su calidad <\/p>\n","protected":false},"author":20,"featured_media":501057,"comment_status":"closed","ping_status":"closed","sticky":false,"template":"","format":"standard","meta":[],"categories":[3839],"tags":[10294,5997],"_links":{"self":[{"href":"http:\/\/desarrollo.grupomedios.com\/futbol\/wp-json\/wp\/v2\/posts\/501052"}],"collection":[{"href":"http:\/\/desarrollo.grupomedios.com\/futbol\/wp-json\/wp\/v2\/posts"}],"about":[{"href":"http:\/\/desarrollo.grupomedios.com\/futbol\/wp-json\/wp\/v2\/types\/post"}],"author":[{"embeddable":true,"href":"http:\/\/desarrollo.grupomedios.com\/futbol\/wp-json\/wp\/v2\/users\/20"}],"replies":[{"embeddable":true,"href":"http:\/\/desarrollo.grupomedios.com\/futbol\/wp-json\/wp\/v2\/comments?post=501052"}],"version-history":[{"count":1,"href":"http:\/\/desarrollo.grupomedios.com\/futbol\/wp-json\/wp\/v2\/posts\/501052\/revisions"}],"predecessor-version":[{"id":501058,"href":"http:\/\/desarrollo.grupomedios.com\/futbol\/wp-json\/wp\/v2\/posts\/501052\/revisions\/501058"}],"wp:featuredmedia":[{"embeddable":true,"href":"http:\/\/desarrollo.grupomedios.com\/futbol\/wp-json\/wp\/v2\/media\/501057"}],"wp:attachment":[{"href":"http:\/\/desarrollo.grupomedios.com\/futbol\/wp-json\/wp\/v2\/media?parent=501052"}],"wp:term":[{"taxonomy":"category","embeddable":true,"href":"http:\/\/desarrollo.grupomedios.com\/futbol\/wp-json\/wp\/v2\/categories?post=501052"},{"taxonomy":"post_tag","embeddable":true,"href":"http:\/\/desarrollo.grupomedios.com\/futbol\/wp-json\/wp\/v2\/tags?post=501052"}],"curies":[{"name":"wp","href":"https:\/\/api.w.org\/{rel}","templated":true}]}}