{"id":501066,"date":"2017-09-21T14:51:12","date_gmt":"2017-09-21T19:51:12","guid":{"rendered":"https:\/\/www.futboltotal.com.mx\/?p=501066"},"modified":"2017-09-21T14:51:12","modified_gmt":"2017-09-21T19:51:12","slug":"dt-del-psg-niega-roce-cavani-neymar-afecte-al-equipo","status":"publish","type":"post","link":"http:\/\/desarrollo.grupomedios.com\/futbol\/futbol-internacional\/dt-del-psg-niega-roce-cavani-neymar-afecte-al-equipo\/2017\/09","title":{"rendered":"DT del PSG niega que roce entre Cavani y Neymar afecte al equipo"},"content":{"rendered":"<p>El entrenador del <strong>Par\u00eds Saint-Germain (PSG)<\/strong>, el espa\u00f1ol <strong>Unai Emery<\/strong>, aclar\u00f3 que el <span style=\"color: #3366ff;\"><a href=\"https:\/\/www.futboltotal.com.mx\/2017\/09\/asi-fue-la-discusion-neymar-cavani-en-triunfo-del-psg\/\" target=\"_blank\" rel=\"noopener\">roce entre el uruguayo Edinson Cavani y el brasile\u00f1o Neymar<\/a> <em>\u00a0<\/em><\/span>no rompe &#8220;la buena armon\u00eda&#8221; del grupo y rehus\u00f3 divulgar el orden de preferencia en el lanzamiento de penaltis, el motivo de la discusi\u00f3n entre ambos.<\/p>\n<p>&#8220;Al final del partido (2-0, ante el Lyon), en un estado emocional muy alto, pudo haber una conversaci\u00f3n que uno puede llamar de discusi\u00f3n, pero que son normales, que se producen en todos los partidos, en una direcci\u00f3n u otra, pero eso no rompe la buena armon\u00eda, el buen ambiente que hay en el equipo&#8221;, dijo en rueda de prensa <strong>Emery<\/strong>.<\/p>\n<p style=\"text-align: center;\"><span style=\"color: #3366ff;\"><a href=\"https:\/\/www.futboltotal.com.mx\/2017\/09\/tigres-rayados-se-unen-proponiendo-duelo-estrellas\/\">VER M\u00c1S: Tigres y Rayados se unen proponiendo duelo de estrellas<\/a><\/span><\/p>\n<p>Estas declaraciones confirman que hubo momentos de tensi\u00f3n en el vestuario el pasado domingo, cuando los dos latinoamericanos mantuvieron una disputa en pleno terreno de juego en la victoria ante el Lyon (2-0) para decidir qui\u00e9n lanzaba un penalti en el 79.<\/p>\n<p>El diario <em>L&#8217;\u00c9quipe<\/em>\u00a0<span style=\"color: #3366ff;\"><a href=\"https:\/\/www.futboltotal.com.mx\/2017\/09\/cavani-neymar-casi-llegaron-a-los-golpes\/\"><span style=\"color: #3366ff;\">asegur\u00f3<\/span> <span style=\"color: #3366ff;\">que la crispaci\u00f3n fue tan tal que Cavani y Neymar casi llegaron a los golpes<\/span><\/a>,<\/span> extremo que <strong>Emery<\/strong> no confirm\u00f3.<\/p>\n<p>&#8220;Son dos jugadores muy competitivos, que quieren lo mejor para el equipo, per\u00edmetro, y luego, l\u00f3gicamente, tambi\u00e9n tienen unos objetivos individuales. Hay una buena relaci\u00f3n dentro del grupo&#8221;, coment\u00f3 el entrenador vasco.<\/p>\n<p>El motivo de la disputa sobre qui\u00e9n lanza los castigos m\u00e1ximos, ya fue tratado individualmente con ellos, cont\u00f3 Emery, aunque declin\u00f3 desvelar el orden de preferencia.<\/p>\n<p style=\"text-align: center;\"><span style=\"color: #3366ff;\"><a href=\"https:\/\/www.futboltotal.com.mx\/2017\/09\/gol-mertens-recordo-maradona-napoli\/\">VER M\u00c1S: El gol de Mertens que record\u00f3 a Maradona en el Napoli<\/a><\/span><\/p>\n<p>&#8220;Primero, se lo dir\u00e9 a los jugadores y, luego, a todo el equipo, por eso vamos a esperar hasta el s\u00e1bado (al partido de Liga ante el Montpellier&#8221;, dijo en rueda de prensa Emery.<\/p>\n<p>&#8220;Los dos jugadores que son los lanzadores son <strong>Cavani y Neymar,<\/strong> porque ellos son capaces y pueden asumir esa responsabilidad&#8221;, abund\u00f3.<\/p>\n<p>El entrenador del <strong>PSG<\/strong> se felicit\u00f3 de la cena de confraternizaci\u00f3n que organiz\u00f3 anoche el brasile\u00f1o <strong>Dani Alves<\/strong>, a la que asistieron los dos futbolistas de la pol\u00e9mica, y neg\u00f3 que haya un &#8220;clan brasile\u00f1o&#8221; en el vestuario que perturbe su funcionamiento.<\/p>\n<p>&#8220;El ambiente del vestuario es bueno, hablan todos entre ellos (&#8230;) Si uno es brasile\u00f1o, argentino, uruguayo, franc\u00e9s o espa\u00f1ol&#8230; el f\u00fatbol hoy es m\u00e1s abierto&#8221;, expuso el t\u00e9cnico, quien evoc\u00f3 que el criterio principal es la calidad del futbolista y su capacidad para jugar en equipo, no la nacionalidad.<\/p>\n<p>Emery tambi\u00e9n halag\u00f3 las prestaciones del joven argentino Giovani Lo Celso (ex Rosario) y del lateral espa\u00f1ol Yuri Berchiche (ex Real Sociedad), dos recientes incorporaciones. EFE<\/p>\n","protected":false},"excerpt":{"rendered":"<p>Ambos jugadores discutieron por cobrar un penal.<\/p>\n","protected":false},"author":144,"featured_media":500373,"comment_status":"closed","ping_status":"closed","sticky":false,"template":"","format":"standard","meta":[],"categories":[3839,9609],"tags":[2449,7674,6001,114],"_links":{"self":[{"href":"http:\/\/desarrollo.grupomedios.com\/futbol\/wp-json\/wp\/v2\/posts\/501066"}],"collection":[{"href":"http:\/\/desarrollo.grupomedios.com\/futbol\/wp-json\/wp\/v2\/posts"}],"about":[{"href":"http:\/\/desarrollo.grupomedios.com\/futbol\/wp-json\/wp\/v2\/types\/post"}],"author":[{"embeddable":true,"href":"http:\/\/desarrollo.grupomedios.com\/futbol\/wp-json\/wp\/v2\/users\/144"}],"replies":[{"embeddable":true,"href":"http:\/\/desarrollo.grupomedios.com\/futbol\/wp-json\/wp\/v2\/comments?post=501066"}],"version-history":[{"count":1,"href":"http:\/\/desarrollo.grupomedios.com\/futbol\/wp-json\/wp\/v2\/posts\/501066\/revisions"}],"predecessor-version":[{"id":501068,"href":"http:\/\/desarrollo.grupomedios.com\/futbol\/wp-json\/wp\/v2\/posts\/501066\/revisions\/501068"}],"wp:featuredmedia":[{"embeddable":true,"href":"http:\/\/desarrollo.grupomedios.com\/futbol\/wp-json\/wp\/v2\/media\/500373"}],"wp:attachment":[{"href":"http:\/\/desarrollo.grupomedios.com\/futbol\/wp-json\/wp\/v2\/media?parent=501066"}],"wp:term":[{"taxonomy":"category","embeddable":true,"href":"http:\/\/desarrollo.grupomedios.com\/futbol\/wp-json\/wp\/v2\/categories?post=501066"},{"taxonomy":"post_tag","embeddable":true,"href":"http:\/\/desarrollo.grupomedios.com\/futbol\/wp-json\/wp\/v2\/tags?post=501066"}],"curies":[{"name":"wp","href":"https:\/\/api.w.org\/{rel}","templated":true}]}}