{"id":501072,"date":"2017-09-21T15:51:40","date_gmt":"2017-09-21T20:51:40","guid":{"rendered":"https:\/\/www.futboltotal.com.mx\/?p=501072"},"modified":"2017-09-21T15:51:40","modified_gmt":"2017-09-21T20:51:40","slug":"piojo-marchesin-encabezan-apoyo-en-centro-acopio","status":"publish","type":"post","link":"http:\/\/desarrollo.grupomedios.com\/futbol\/futbol-mexicano\/piojo-marchesin-encabezan-apoyo-en-centro-acopio\/2017\/09","title":{"rendered":"&#8216;Piojo&#8217; y Marches\u00edn encabezan apoyo en centro de acopio"},"content":{"rendered":"<p>El entrenador <strong>Miguel &#8216;Piojo&#8217; Herrera<\/strong> y el arquero <strong>Agust\u00edn Marches\u00edn<\/strong> son algunos de los integrantes del Am\u00e9rica que estuvieron presentes en el centro de acopio instalado en el estadio Azteca.<\/p>\n<p>Los futbolistas y el entrenador estuvieron recibiendo los v\u00edveres y empaquet\u00e1ndolos para que puedan ser trasladados a los lugares cercanos a los desastres en la Ciudad de M\u00e9xico y algunos estados del pa\u00eds.<\/p>\n<blockquote class=\"twitter-tweet\" data-partner=\"tweetdeck\">\n<p dir=\"ltr\" lang=\"es\">En el centro de acopio del <a href=\"https:\/\/twitter.com\/EstadioAzteca\">@EstadioAzteca<\/a> (Puerta 3) faltan: Agua, comida, cobijas y medicinas. <a href=\"https:\/\/twitter.com\/hashtag\/FuerzaM%C3%A9xico?src=hash\">#FuerzaM\u00e9xico<\/a> &#x1f1f2;&#x1f1fd; <a href=\"https:\/\/t.co\/NYCkOMNHG2\">pic.twitter.com\/NYCkOMNHG2<\/a><\/p>\n<p>\u2014 Club Am\u00e9rica (@ClubAmerica) <a href=\"https:\/\/twitter.com\/ClubAmerica\/status\/910961412540739584\">September 21, 2017<\/a><\/p><\/blockquote>\n<p><script async src=\"\/\/platform.twitter.com\/widgets.js\" charset=\"utf-8\"><\/script><\/p>\n<p>En la puerta 3 del estadio se encuentra ubicado el centro de acopio donde se est\u00e1n recibiendo toda clase de v\u00edveres.<\/p>\n<p style=\"text-align: center;\"><span style=\"color: #333399;\"><a href=\"https:\/\/www.futboltotal.com.mx\/2017\/09\/chivas-atlas-recogen-viveres-apoyo-damnificados\/\">VER M\u00c1S: <span class=\"item-title\">Chivas y Atlas recogen v\u00edveres de apoyo para damnificados<\/span><\/a><\/span><\/p>\n","protected":false},"excerpt":{"rendered":"<p>El t\u00e9cnico y algunos jugadores de las \u00c1guilas se unieron a los voluntarios en el estadio Azteca<\/p>\n","protected":false},"author":20,"featured_media":501073,"comment_status":"closed","ping_status":"closed","sticky":false,"template":"","format":"standard","meta":[],"categories":[2198,3845],"tags":[5959,3044],"_links":{"self":[{"href":"http:\/\/desarrollo.grupomedios.com\/futbol\/wp-json\/wp\/v2\/posts\/501072"}],"collection":[{"href":"http:\/\/desarrollo.grupomedios.com\/futbol\/wp-json\/wp\/v2\/posts"}],"about":[{"href":"http:\/\/desarrollo.grupomedios.com\/futbol\/wp-json\/wp\/v2\/types\/post"}],"author":[{"embeddable":true,"href":"http:\/\/desarrollo.grupomedios.com\/futbol\/wp-json\/wp\/v2\/users\/20"}],"replies":[{"embeddable":true,"href":"http:\/\/desarrollo.grupomedios.com\/futbol\/wp-json\/wp\/v2\/comments?post=501072"}],"version-history":[{"count":1,"href":"http:\/\/desarrollo.grupomedios.com\/futbol\/wp-json\/wp\/v2\/posts\/501072\/revisions"}],"predecessor-version":[{"id":501074,"href":"http:\/\/desarrollo.grupomedios.com\/futbol\/wp-json\/wp\/v2\/posts\/501072\/revisions\/501074"}],"wp:featuredmedia":[{"embeddable":true,"href":"http:\/\/desarrollo.grupomedios.com\/futbol\/wp-json\/wp\/v2\/media\/501073"}],"wp:attachment":[{"href":"http:\/\/desarrollo.grupomedios.com\/futbol\/wp-json\/wp\/v2\/media?parent=501072"}],"wp:term":[{"taxonomy":"category","embeddable":true,"href":"http:\/\/desarrollo.grupomedios.com\/futbol\/wp-json\/wp\/v2\/categories?post=501072"},{"taxonomy":"post_tag","embeddable":true,"href":"http:\/\/desarrollo.grupomedios.com\/futbol\/wp-json\/wp\/v2\/tags?post=501072"}],"curies":[{"name":"wp","href":"https:\/\/api.w.org\/{rel}","templated":true}]}}