{"id":501086,"date":"2017-09-21T19:18:25","date_gmt":"2017-09-22T00:18:25","guid":{"rendered":"https:\/\/www.futboltotal.com.mx\/?p=501086"},"modified":"2017-09-21T19:18:25","modified_gmt":"2017-09-22T00:18:25","slug":"jugador-del-puebla-arrepentido-venir-a-mexico-tras-sismo","status":"publish","type":"post","link":"http:\/\/desarrollo.grupomedios.com\/futbol\/futbol-mexicano\/jugador-del-puebla-arrepentido-venir-a-mexico-tras-sismo\/2017\/09","title":{"rendered":"Jugador del Puebla, arrepentido de venir a M\u00e9xico tras sismo"},"content":{"rendered":"<p>El sismo del pasado martes 19 de septiembre termin\u00f3 por afectar y asustar a muchos en M\u00e9xico, tal es el caso de uno de los jugadores extranjeros del <strong>Puebla<\/strong>, quien reci\u00e9n lleg\u00f3 para este torneo de <strong>Apertura 2017<\/strong>.<\/p>\n<p>El delantero <strong>Carlos Salom<\/strong>, de nacionalidad chilena, revel\u00f3 en entrevista con <em>Canal de Futbol<\/em> en su pa\u00eds, revel\u00f3 que se arrepiente de haber llegado a <strong>M\u00e9xico<\/strong>.<\/p>\n<p style=\"text-align: center;\"><span style=\"color: #3366ff;\"><a href=\"https:\/\/www.futboltotal.com.mx\/2017\/09\/iker-casillas-se-une-a-iniciativa-layun-chicharito-mexico\/\">VER M\u00c1S: Iker Casillas se une a iniciativa de Lay\u00fan y Chicharito por M\u00e9xico<\/a><\/span><\/p>\n<p>&#8220;Yo siempre quise venir jugar a <strong>M\u00e9xico<\/strong> y no se me daba y ella (mi esposa) me dec\u00eda que quiz\u00e1s no se daba por algo. Forc\u00e9 todo para poder venir, vine obligadamente y ahora pas\u00f3 esto (el sismo). Me arrepiento de haber venido\u2026 voy a cumplir el contrato y ya despu\u00e9s veremos, pero no s\u00e9 si voy a seguir otro a\u00f1o ac\u00e1\u201d.<\/p>\n<p><strong>Salom<\/strong> lleg\u00f3 al futbol mexicano proveniente de la Uni\u00f3n Espa\u00f1ola de Chile y apenas ha disputado 4 partidos en el Apertura 2017. El delantero del Puebla cont\u00f3 c\u00f3mo vivi\u00f3 el temblor con sus compa\u00f1eros.<\/p>\n<p>&#8220;Est\u00e1bamos terminando de entrenar, ya est\u00e1bamos saliendo, cuando empez\u00f3 el terremoto y tuvimos que evacuar el estadio y quedarnos en el estacionamiento hasta que pasara, pero la verdad es que fueron minutos intensos que no terminaban\u201d, coment\u00f3 <strong>Salom<\/strong>.<\/p>\n<p style=\"text-align: center;\"><span style=\"color: #3366ff;\"><a href=\"https:\/\/www.futboltotal.com.mx\/2017\/09\/gp-mexico-sin-problemas-llevarse-a-cabo-tras-sismo\/\">VER M\u00c1S: GP de M\u00e9xico sin problemas para llevarse a cabo tras sismo<\/a><\/span><\/p>\n<p>Puebla fue uno de los estados con mayor afectaci\u00f3n y el equipo de Primera Divisi\u00f3n se ha sumado al apoyo para los que m\u00e1s lo necesitan.<\/p>\n<p>https:\/\/twitter.com\/ClubPueblaMX\/status\/910984313352704001<\/p>\n","protected":false},"excerpt":{"rendered":"<p>El jugador poblano se dijo muy asustado por el sismo.<\/p>\n","protected":false},"author":20,"featured_media":490867,"comment_status":"closed","ping_status":"closed","sticky":false,"template":"","format":"standard","meta":[],"categories":[2198,3845],"tags":[64,5969,758],"_links":{"self":[{"href":"http:\/\/desarrollo.grupomedios.com\/futbol\/wp-json\/wp\/v2\/posts\/501086"}],"collection":[{"href":"http:\/\/desarrollo.grupomedios.com\/futbol\/wp-json\/wp\/v2\/posts"}],"about":[{"href":"http:\/\/desarrollo.grupomedios.com\/futbol\/wp-json\/wp\/v2\/types\/post"}],"author":[{"embeddable":true,"href":"http:\/\/desarrollo.grupomedios.com\/futbol\/wp-json\/wp\/v2\/users\/20"}],"replies":[{"embeddable":true,"href":"http:\/\/desarrollo.grupomedios.com\/futbol\/wp-json\/wp\/v2\/comments?post=501086"}],"version-history":[{"count":1,"href":"http:\/\/desarrollo.grupomedios.com\/futbol\/wp-json\/wp\/v2\/posts\/501086\/revisions"}],"predecessor-version":[{"id":501087,"href":"http:\/\/desarrollo.grupomedios.com\/futbol\/wp-json\/wp\/v2\/posts\/501086\/revisions\/501087"}],"wp:featuredmedia":[{"embeddable":true,"href":"http:\/\/desarrollo.grupomedios.com\/futbol\/wp-json\/wp\/v2\/media\/490867"}],"wp:attachment":[{"href":"http:\/\/desarrollo.grupomedios.com\/futbol\/wp-json\/wp\/v2\/media?parent=501086"}],"wp:term":[{"taxonomy":"category","embeddable":true,"href":"http:\/\/desarrollo.grupomedios.com\/futbol\/wp-json\/wp\/v2\/categories?post=501086"},{"taxonomy":"post_tag","embeddable":true,"href":"http:\/\/desarrollo.grupomedios.com\/futbol\/wp-json\/wp\/v2\/tags?post=501086"}],"curies":[{"name":"wp","href":"https:\/\/api.w.org\/{rel}","templated":true}]}}