{"id":501112,"date":"2017-09-22T08:45:43","date_gmt":"2017-09-22T13:45:43","guid":{"rendered":"https:\/\/www.futboltotal.com.mx\/?p=501112"},"modified":"2017-09-22T08:45:43","modified_gmt":"2017-09-22T13:45:43","slug":"andres-guardado-pide-apoyo-los-ninos-mexico","status":"publish","type":"post","link":"http:\/\/desarrollo.grupomedios.com\/futbol\/cambio-de-juego\/andres-guardado-pide-apoyo-los-ninos-mexico\/2017\/09","title":{"rendered":"Andr\u00e9s Guardado pide apoyo para los ni\u00f1os de M\u00e9xico"},"content":{"rendered":"<p>El futbolista mexicano <strong>Andr\u00e9s Guardado<\/strong> ha levantado la voz para pedir a todo mundo que ayuden a <strong>M\u00e9xico<\/strong> despu\u00e9s del <strong>sismo<\/strong> que sufri\u00f3 el pa\u00eds el pasado 19 de septiembre, particularmente a la ni\u00f1ez por medio de Unicef.<\/p>\n<p>Guardado aparece en un video en redes sociales junto a <strong>Joaqu\u00edn<\/strong>, capit\u00e1n del <strong>Betis<\/strong>, pidiendo que apoyen la iniciativa de Unicef que ha abierto un fondo pensado para las v\u00edctimas mexicanas.<\/p>\n<p style=\"text-align: center;\"><a href=\"https:\/\/www.futboltotal.com.mx\/2017\/09\/115-rescates-vida-en-la-cdmx\/\" target=\"_blank\" rel=\"noopener\"><span style=\"color: #333399;\">VER M\u00c1S: 115 rescates con vida en la Ciudad de M\u00e9xico<\/span><\/a><\/p>\n<p>&#8220;Como mexicano estoy tremendamente preocupado por la situaci\u00f3n de estos ni\u00f1os que m\u00e1s nos necesitan hoy en d\u00eda, por eso colabora con la Unicef&#8221;, dice Andr\u00e9s.<\/p>\n<p>Los futbolistas destacan que las primeras horas despu\u00e9s del temblor que sucedi\u00f3 en M\u00e9xico &#8220;son fundamentales&#8221;, pidiendo la solidaridad de la gente al rededor del mundo.<\/p>\n<p>&nbsp;<\/p>\n<blockquote class=\"twitter-video\" data-lang=\"es\">\n<p dir=\"ltr\" lang=\"es\">Los ni\u00f1os de <a href=\"https:\/\/twitter.com\/hashtag\/M%C3%A9xico?src=hash\">#M\u00e9xico<\/a> necesitan ayuda urgente. <a href=\"https:\/\/twitter.com\/joaquinarte\">@joaquinarte<\/a> y <a href=\"https:\/\/twitter.com\/AGuardado18\">@AGuardado18<\/a> del <a href=\"https:\/\/twitter.com\/RealBetis\">@RealBetis<\/a> nos cuentan c\u00f3mo colaborar <a href=\"https:\/\/t.co\/mmHa58CFAA\">https:\/\/t.co\/mmHa58CFAA<\/a> <a href=\"https:\/\/t.co\/v8khq2K1gf\">pic.twitter.com\/v8khq2K1gf<\/a><\/p>\n<p>\u2014 UNICEF C. Andaluc\u00eda (@UNICEFAndalucia) <a href=\"https:\/\/twitter.com\/UNICEFAndalucia\/status\/911125484179738624\">22 de septiembre de 2017<\/a><\/p><\/blockquote>\n<p><script async src=\"\/\/platform.twitter.com\/widgets.js\" charset=\"utf-8\"><\/script><\/p>\n","protected":false},"excerpt":{"rendered":"<p>El mexicano y Joaqu\u00edn, su compa\u00f1ero en el Betis, promueven la iniciativa de Unicef.<\/p>\n","protected":false},"author":20,"featured_media":501113,"comment_status":"closed","ping_status":"closed","sticky":false,"template":"","format":"standard","meta":[],"categories":[5419],"tags":[6046,1804,10299,65,758,10126,10153,2756],"_links":{"self":[{"href":"http:\/\/desarrollo.grupomedios.com\/futbol\/wp-json\/wp\/v2\/posts\/501112"}],"collection":[{"href":"http:\/\/desarrollo.grupomedios.com\/futbol\/wp-json\/wp\/v2\/posts"}],"about":[{"href":"http:\/\/desarrollo.grupomedios.com\/futbol\/wp-json\/wp\/v2\/types\/post"}],"author":[{"embeddable":true,"href":"http:\/\/desarrollo.grupomedios.com\/futbol\/wp-json\/wp\/v2\/users\/20"}],"replies":[{"embeddable":true,"href":"http:\/\/desarrollo.grupomedios.com\/futbol\/wp-json\/wp\/v2\/comments?post=501112"}],"version-history":[{"count":1,"href":"http:\/\/desarrollo.grupomedios.com\/futbol\/wp-json\/wp\/v2\/posts\/501112\/revisions"}],"predecessor-version":[{"id":501114,"href":"http:\/\/desarrollo.grupomedios.com\/futbol\/wp-json\/wp\/v2\/posts\/501112\/revisions\/501114"}],"wp:featuredmedia":[{"embeddable":true,"href":"http:\/\/desarrollo.grupomedios.com\/futbol\/wp-json\/wp\/v2\/media\/501113"}],"wp:attachment":[{"href":"http:\/\/desarrollo.grupomedios.com\/futbol\/wp-json\/wp\/v2\/media?parent=501112"}],"wp:term":[{"taxonomy":"category","embeddable":true,"href":"http:\/\/desarrollo.grupomedios.com\/futbol\/wp-json\/wp\/v2\/categories?post=501112"},{"taxonomy":"post_tag","embeddable":true,"href":"http:\/\/desarrollo.grupomedios.com\/futbol\/wp-json\/wp\/v2\/tags?post=501112"}],"curies":[{"name":"wp","href":"https:\/\/api.w.org\/{rel}","templated":true}]}}