{"id":501115,"date":"2017-09-22T09:06:55","date_gmt":"2017-09-22T14:06:55","guid":{"rendered":"https:\/\/www.futboltotal.com.mx\/?p=501115"},"modified":"2017-09-22T09:07:46","modified_gmt":"2017-09-22T14:07:46","slug":"ronaldo-messi-neymar-premio-the-best-a-mejor-jugador","status":"publish","type":"post","link":"http:\/\/desarrollo.grupomedios.com\/futbol\/destacado-home\/ronaldo-messi-neymar-premio-the-best-a-mejor-jugador\/2017\/09","title":{"rendered":"Cristiano, Messi y Neymar, por el premio The Best a mejor jugador"},"content":{"rendered":"<div id=\"texto\" class=\"texto_txt\">\n<div class=\"DETALLE_N_texto \">\n<p><span id=\"ctl14_lblMostra\">El portugu\u00e9s <strong>Cristiano Ronaldo<\/strong>, el argentino <strong>Lionel Messi<\/strong> y el brasile\u00f1o <strong>Neymar<\/strong> son los tres finalistas al premio <strong><span class=\"classCadenaBusqueda\">The<\/span> <span class=\"classCadenaBusqueda\">Best<\/span><\/strong>\u00a0de la <strong>FIFA<\/strong> a mejor futbolista del a\u00f1o.<\/span><\/p>\n<p>En una gala celebrada en Londres y que cont\u00f3 con exfutbolistas hist\u00f3ricos como <strong>Roberto Di Matteo<\/strong>, <strong>Jay Jay Okocha<\/strong>, la inglesa <strong>Alex Scott<\/strong>, <strong>Andriy Shevchenko<\/strong> y <strong>Peter Shilton<\/strong>, se dio a conocer a los tres jugadores que pugnar\u00e1n el mes que viene, tambi\u00e9n en la capital brit\u00e1nica, por el preciado galard\u00f3n.<\/p>\n<p style=\"text-align: center;\"><a href=\"https:\/\/www.futboltotal.com.mx\/2017\/09\/andres-guardado-pide-apoyo-los-ninos-mexico\/\" target=\"_blank\" rel=\"noopener\"><span style=\"color: #333399;\">VER M\u00c1S: Andr\u00e9s Guardado pide apoyo para los ni\u00f1os de M\u00e9xico<\/span><\/a><\/p>\n<blockquote class=\"twitter-video\" data-lang=\"es\">\n<p dir=\"ltr\" lang=\"en\">Your 3\u20e3 candidates for <a href=\"https:\/\/twitter.com\/hashtag\/TheBest?src=hash\">#TheBest<\/a> FIFA Men&#8217;s Award 2017 &#x1f4aa;<a href=\"https:\/\/twitter.com\/hashtag\/CristianoRonaldo?src=hash\">#CristianoRonaldo<\/a> <a href=\"https:\/\/twitter.com\/hashtag\/LionelMessi?src=hash\">#LionelMessi<\/a><a href=\"https:\/\/twitter.com\/hashtag\/Neymar?src=hash\">#Neymar<\/a><\/p>\n<p>Who will be crowned <a href=\"https:\/\/twitter.com\/hashtag\/TheBest?src=hash\">#TheBest<\/a>? &#x1f451; <a href=\"https:\/\/t.co\/ju17TJ0JDA\">pic.twitter.com\/ju17TJ0JDA<\/a><\/p>\n<p>\u2014 FIFA.com (@FIFAcom) <a href=\"https:\/\/twitter.com\/FIFAcom\/status\/911219341630296065\">22 de septiembre de 2017<\/a><\/p><\/blockquote>\n<p><script async src=\"\/\/platform.twitter.com\/widgets.js\" charset=\"utf-8\"><\/script><\/p>\n<p><strong>Cristiano<\/strong> (<strong>Real Madrid<\/strong>), que ya gan\u00f3 el a\u00f1o pasado, parte como el principal favorito para llevarse el premio. <strong>Messi<\/strong>, que ya fue finalista el \u00faltimo curso, repite en la convocatoria, en la que entra <strong>Neymar<\/strong> -por su papel en el <strong>FC Barcelona<\/strong>&#8211; y sale el franc\u00e9s <strong>Antoine Griezmann<\/strong>.<\/p>\n<\/div>\n<\/div>\n","protected":false},"excerpt":{"rendered":"<p>El portugu\u00e9s del Real Madrid parte como favorito para volver a ganar el premio.<\/p>\n","protected":false},"author":144,"featured_media":501118,"comment_status":"closed","ping_status":"closed","sticky":false,"template":"","format":"standard","meta":[],"categories":[5,3839],"tags":[6013,361,6012,7471,7588],"_links":{"self":[{"href":"http:\/\/desarrollo.grupomedios.com\/futbol\/wp-json\/wp\/v2\/posts\/501115"}],"collection":[{"href":"http:\/\/desarrollo.grupomedios.com\/futbol\/wp-json\/wp\/v2\/posts"}],"about":[{"href":"http:\/\/desarrollo.grupomedios.com\/futbol\/wp-json\/wp\/v2\/types\/post"}],"author":[{"embeddable":true,"href":"http:\/\/desarrollo.grupomedios.com\/futbol\/wp-json\/wp\/v2\/users\/144"}],"replies":[{"embeddable":true,"href":"http:\/\/desarrollo.grupomedios.com\/futbol\/wp-json\/wp\/v2\/comments?post=501115"}],"version-history":[{"count":2,"href":"http:\/\/desarrollo.grupomedios.com\/futbol\/wp-json\/wp\/v2\/posts\/501115\/revisions"}],"predecessor-version":[{"id":501121,"href":"http:\/\/desarrollo.grupomedios.com\/futbol\/wp-json\/wp\/v2\/posts\/501115\/revisions\/501121"}],"wp:featuredmedia":[{"embeddable":true,"href":"http:\/\/desarrollo.grupomedios.com\/futbol\/wp-json\/wp\/v2\/media\/501118"}],"wp:attachment":[{"href":"http:\/\/desarrollo.grupomedios.com\/futbol\/wp-json\/wp\/v2\/media?parent=501115"}],"wp:term":[{"taxonomy":"category","embeddable":true,"href":"http:\/\/desarrollo.grupomedios.com\/futbol\/wp-json\/wp\/v2\/categories?post=501115"},{"taxonomy":"post_tag","embeddable":true,"href":"http:\/\/desarrollo.grupomedios.com\/futbol\/wp-json\/wp\/v2\/tags?post=501115"}],"curies":[{"name":"wp","href":"https:\/\/api.w.org\/{rel}","templated":true}]}}