{"id":501116,"date":"2017-09-22T09:05:37","date_gmt":"2017-09-22T14:05:37","guid":{"rendered":"https:\/\/www.futboltotal.com.mx\/?p=501116"},"modified":"2017-09-22T09:05:37","modified_gmt":"2017-09-22T14:05:37","slug":"real-madrid-ya-me-quiere-aubameyang","status":"publish","type":"post","link":"http:\/\/desarrollo.grupomedios.com\/futbol\/futbol-internacional\/real-madrid-ya-me-quiere-aubameyang\/2017\/09","title":{"rendered":"Real Madrid ya no me quiere: Aubameyang"},"content":{"rendered":"<p>El delantero del <strong>Borussia Dortmund<\/strong>,\u00a0<strong>Pierre Emerick-Aubameyang,\u00a0<\/strong>indic\u00f3 que ya no hablar\u00e1 m\u00e1s sobre el <strong>Real Madrid<\/strong> porque ya no hay un inter\u00e9s real de los merengues por \u00e9l.<\/p>\n<blockquote><p>&#8220;Ya no tengo m\u00e1s sue\u00f1os. No voy a hablar m\u00e1s del Real Madrid, tal vez ellos ya no me quieren. Siento que los clubes no se atreven a acercarse demasiado a m\u00ed para llevarme. Voy a seguir demostrando a la gente que me subestima lo que puedo hacer&#8221;, dijo para<em> RMC<\/em> el jugador de Gab\u00f3n.<\/p><\/blockquote>\n<p>Por otro lado, hablo de una serie de ofertas que existieron de otros clubes:<\/p>\n<p><strong>\u00bfQu\u00e9 sucedi\u00f3 con el AC Milan?<\/strong><\/p>\n<p>&#8220;\u00bfPor qu\u00e9 no? No hab\u00eda mucha diferencia entre lo que iba a ganar all\u00ed y lo que gano aqu\u00ed. Su proyecto me pareci\u00f3 muy interesante pero hab\u00eda motivos para que el traspaso no funcionase&#8221;. Sin embargo dej\u00f3 claro que s\u00ed quiere volver al equipo italiano; &#8220;Yo quiero volver, pero se est\u00e1n durmiendo&#8221;.<\/p>\n<p style=\"text-align: center;\"><span style=\"color: #333399;\"><a href=\"https:\/\/www.futboltotal.com.mx\/2017\/09\/scocco-da-mensaje-aliento-tras-anotar-cinco-goles-river\/\" target=\"_blank\" rel=\"noopener\">VER M\u00c1S: Scocco anota 5 goles y da mensaje de aliento a M\u00e9xico<\/a><\/span><\/p>\n<p><strong>\u00bfHubo una oferta de China?<\/strong><\/p>\n<p>&#8220;La oferta de China no la tom\u00e9 en serio. All\u00ed les falta profesionalismo. Ellos hicieron todo lo posible para enviarnos una oferta escrita, ya sea al club a m\u00ed. Francamente, fue un desastre. Vinieron aqu\u00ed, se fueron, dijeron que iban a volver y no lo hicieron&#8221;, indic\u00f3 el delantero de la Bundesliga.<\/p>\n<p><strong>\u00bfQue hay del PSG?<\/strong><\/p>\n<p>&#8220;A principios de julio, me reun\u00ed con <strong>Nasser Al-Khelaifi<\/strong> pero m\u00e1s tarde, cuando lleg\u00f3 <strong>Antero Henrique<\/strong>, decidieron que ya no quer\u00edan afrontar mi fichaje&#8221;, expres\u00f3 el delantero, quien s\u00ed ten\u00eda el inter\u00e9s de llegar con los parisinos. Tuvo ofertas del<strong> Olympique de Marsella<\/strong>; sin embargo, indic\u00f3 que &#8220;Personalmente no estoy muy seguro acerca de su proyecto. Esta es una opini\u00f3n personal. Creo que si quieren apuntar al t\u00edtulo y estar all\u00ed en el escenario europeo, tendr\u00e1n que hacerlo un poco mejor&#8221;.<\/p>\n<p style=\"text-align: center;\"><span style=\"color: #333399;\"><a href=\"https:\/\/www.futboltotal.com.mx\/2017\/09\/201709golazo-ronaldinho-tunel-sin-tocar-balon\/\" target=\"_blank\" rel=\"noopener\">VER M\u00c1S: Golazo de Ronaldinho con t\u00fanel sin tocar el bal\u00f3n<\/a><\/span><\/p>\n<p><iframe loading=\"lazy\" src=\"https:\/\/www.youtube.com\/embed\/rdWVorPSdM8?feature=oembed\" frameborder=\"0\" allowfullscreen><\/iframe><\/p>\n","protected":false},"excerpt":{"rendered":"<p>El delantero tuvo varias ofertas en el verano<\/p>\n","protected":false},"author":20,"featured_media":477428,"comment_status":"closed","ping_status":"closed","sticky":false,"template":"","format":"standard","meta":[],"categories":[3839],"tags":[1630,831,5078,114,5988],"_links":{"self":[{"href":"http:\/\/desarrollo.grupomedios.com\/futbol\/wp-json\/wp\/v2\/posts\/501116"}],"collection":[{"href":"http:\/\/desarrollo.grupomedios.com\/futbol\/wp-json\/wp\/v2\/posts"}],"about":[{"href":"http:\/\/desarrollo.grupomedios.com\/futbol\/wp-json\/wp\/v2\/types\/post"}],"author":[{"embeddable":true,"href":"http:\/\/desarrollo.grupomedios.com\/futbol\/wp-json\/wp\/v2\/users\/20"}],"replies":[{"embeddable":true,"href":"http:\/\/desarrollo.grupomedios.com\/futbol\/wp-json\/wp\/v2\/comments?post=501116"}],"version-history":[{"count":1,"href":"http:\/\/desarrollo.grupomedios.com\/futbol\/wp-json\/wp\/v2\/posts\/501116\/revisions"}],"predecessor-version":[{"id":501117,"href":"http:\/\/desarrollo.grupomedios.com\/futbol\/wp-json\/wp\/v2\/posts\/501116\/revisions\/501117"}],"wp:featuredmedia":[{"embeddable":true,"href":"http:\/\/desarrollo.grupomedios.com\/futbol\/wp-json\/wp\/v2\/media\/477428"}],"wp:attachment":[{"href":"http:\/\/desarrollo.grupomedios.com\/futbol\/wp-json\/wp\/v2\/media?parent=501116"}],"wp:term":[{"taxonomy":"category","embeddable":true,"href":"http:\/\/desarrollo.grupomedios.com\/futbol\/wp-json\/wp\/v2\/categories?post=501116"},{"taxonomy":"post_tag","embeddable":true,"href":"http:\/\/desarrollo.grupomedios.com\/futbol\/wp-json\/wp\/v2\/tags?post=501116"}],"curies":[{"name":"wp","href":"https:\/\/api.w.org\/{rel}","templated":true}]}}